{"id":65346,"date":"2025-03-31T20:03:24","date_gmt":"2025-04-01T02:03:24","guid":{"rendered":"https:\/\/encuentroinformativo.com.mx\/?p=65346"},"modified":"2025-03-31T20:03:24","modified_gmt":"2025-04-01T02:03:24","slug":"alcalde-jm-unanue-entrega-domo-y-barda-a-jardin-de-ninos-de-la-colonia-carranza","status":"publish","type":"post","link":"https:\/\/encuentroinformativo.com.mx\/?p=65346","title":{"rendered":"Alcalde JM Un\u00e1nue entrega domo y barda a jard\u00edn de ni\u00f1os de la colonia Carranza"},"content":{"rendered":"<p><strong>* Mediante estrategias y programas, el edil boque\u00f1o contin\u00faa fortaleciendo la infraestructura educativa p\u00fablica de Boca del R\u00edo.<\/strong><\/p>\n<p>Boca del R\u00edo, Ver.- El Presidente Municipal de Boca del R\u00edo, Juan Manuel Un\u00e1nue Abascal, mantiene su compromiso con el desarrollo, crecimiento y educaci\u00f3n de la ciudad, como es el caso de la construcci\u00f3n de techado en la escuela jard\u00edn de ni\u00f1os Enrique C. Rebsamen&#8221; y su barda perimetral.<\/p>\n<p>\u201cLa construcci\u00f3n de la barda perimetral y el techado para educaci\u00f3n f\u00edsica en el Jard\u00edn de Ni\u00f1os Enrique C. R\u00e9bsamen de la Colonia Carranza, son acciones de mi gobierno para brindar un entorno m\u00e1s seguro y adecuado para la educaci\u00f3n de nuestros boque\u00f1itos\u201d, coment\u00f3 el edil.<\/p>\n<p>A lo largo de esta administraci\u00f3n el gobierno municipal ha implementado diversas estrategias y programas enfocados en el fortalecimiento de la infraestructura educativa p\u00fablica de Boca del R\u00edo, buscando as\u00ed un entorno \u00f3ptimo para el buen desempe\u00f1o de los actuales estudiantes y de las futuras generaciones.<\/p>\n<p>Con estas obras se beneficiar\u00e1n directamente a m\u00e1s de 80 personas entre alumnado, personal docente, administrativo y familias del alumnado en el plantel ubicado en la colonia Carranza.<\/p>\n<p>El techado o domo est\u00e1 construido por m\u00e1s de 6 mil kilos de acero estructural, entre placas, columnas, vigas y largueros; se ensamblaron 96 piezas de elementos estructurales (tensores y contraflambeos) y se instalaron m\u00e1s de 200 metros cuadrados de cubierta a base de l\u00e1mina.<\/p>\n<p>Se elaboraron m\u00e1s de 200 metros cuadrados de piso con concreto y se construyeron 10 piezas de zapatas, en cuanto a pintura, se realizaron m\u00e1s de 277.34 metros cuadrados de aplicaci\u00f3n de pintura especial para estructuras met\u00e1licas.<\/p>\n<p>Por otra parte, para la construcci\u00f3n de la barda perimetral se realiz\u00f3 la elaboraci\u00f3n de cimentaci\u00f3n, estructura y pintura.<\/p>\n<p>Dichas acciones contaron con la construcci\u00f3n de m\u00e1s de 200 metros cuadrados de muro, se edificaron m\u00e1s de 92 metros lineales de castillos, m\u00e1s de 115 metros lineales de cadenas y la construcci\u00f3n de m\u00e1s de 98 metros cuadrados de piso.<\/p>\n<p>Tambi\u00e9n se cimentaron m\u00e1s de 115 metros lineales de zapatas y se elaboraron m\u00e1s de 115 metros lineales dalas, sum\u00e1ndose m\u00e1s de 500 metros cuadrados a base de pintura vin\u00edlica.<\/p>\n<p>Con estas acciones, el alcalde Juan Manuel Un\u00e1nue Abascal reafirma su compromiso con la educaci\u00f3n en una suma de esfuerzos para construir un futuro pr\u00f3spero para los boque\u00f1itos y ciudadanos en general.<\/p>\n<p><img loading=\"lazy\" decoding=\"async\" class=\"alignnone size-medium wp-image-65349\" src=\"https:\/\/encuentroinformativo.com.mx\/wp-content\/uploads\/2025\/03\/IMG-20250331-WA0313-300x200.jpg\" alt=\"\" width=\"300\" height=\"200\" srcset=\"https:\/\/encuentroinformativo.com.mx\/wp-content\/uploads\/2025\/03\/IMG-20250331-WA0313-300x200.jpg 300w, https:\/\/encuentroinformativo.com.mx\/wp-content\/uploads\/2025\/03\/IMG-20250331-WA0313-1024x682.jpg 1024w, https:\/\/encuentroinformativo.com.mx\/wp-content\/uploads\/2025\/03\/IMG-20250331-WA0313-768x512.jpg 768w, https:\/\/encuentroinformativo.com.mx\/wp-content\/uploads\/2025\/03\/IMG-20250331-WA0313.jpg 1280w\" sizes=\"auto, (max-width: 300px) 100vw, 300px\" \/><\/p>\n","protected":false},"excerpt":{"rendered":"<p>* Mediante estrategias y programas, el edil boque\u00f1o contin\u00faa fortaleciendo la infraestructura educativa p\u00fablica de Boca del R\u00edo. Boca del R\u00edo, Ver.- El Presidente Municipal de Boca del R\u00edo, Juan Manuel Un\u00e1nue Abascal, mantiene su compromiso con el desarrollo, crecimiento y educaci\u00f3n de la ciudad, como es el caso de la construcci\u00f3n de techado en [&hellip;]<\/p>\n","protected":false},"author":2476,"featured_media":65347,"comment_status":"open","ping_status":"open","sticky":false,"template":"","format":"standard","meta":{"_jetpack_memberships_contains_paid_content":false,"footnotes":""},"categories":[2],"tags":[],"class_list":["post-65346","post","type-post","status-publish","format-standard","has-post-thumbnail","hentry","category-estado"],"jetpack_featured_media_url":"https:\/\/encuentroinformativo.com.mx\/wp-content\/uploads\/2025\/03\/IMG-20250331-WA0315.jpg","jetpack_sharing_enabled":true,"jetpack_likes_enabled":true,"amp_enabled":true,"_links":{"self":[{"href":"https:\/\/encuentroinformativo.com.mx\/index.php?rest_route=\/wp\/v2\/posts\/65346","targetHints":{"allow":["GET"]}}],"collection":[{"href":"https:\/\/encuentroinformativo.com.mx\/index.php?rest_route=\/wp\/v2\/posts"}],"about":[{"href":"https:\/\/encuentroinformativo.com.mx\/index.php?rest_route=\/wp\/v2\/types\/post"}],"author":[{"embeddable":true,"href":"https:\/\/encuentroinformativo.com.mx\/index.php?rest_route=\/wp\/v2\/users\/2476"}],"replies":[{"embeddable":true,"href":"https:\/\/encuentroinformativo.com.mx\/index.php?rest_route=%2Fwp%2Fv2%2Fcomments&post=65346"}],"version-history":[{"count":2,"href":"https:\/\/encuentroinformativo.com.mx\/index.php?rest_route=\/wp\/v2\/posts\/65346\/revisions"}],"predecessor-version":[{"id":65350,"href":"https:\/\/encuentroinformativo.com.mx\/index.php?rest_route=\/wp\/v2\/posts\/65346\/revisions\/65350"}],"wp:featuredmedia":[{"embeddable":true,"href":"https:\/\/encuentroinformativo.com.mx\/index.php?rest_route=\/wp\/v2\/media\/65347"}],"wp:attachment":[{"href":"https:\/\/encuentroinformativo.com.mx\/index.php?rest_route=%2Fwp%2Fv2%2Fmedia&parent=65346"}],"wp:term":[{"taxonomy":"category","embeddable":true,"href":"https:\/\/encuentroinformativo.com.mx\/index.php?rest_route=%2Fwp%2Fv2%2Fcategories&post=65346"},{"taxonomy":"post_tag","embeddable":true,"href":"https:\/\/encuentroinformativo.com.mx\/index.php?rest_route=%2Fwp%2Fv2%2Ftags&post=65346"}],"curies":[{"name":"wp","href":"https:\/\/api.w.org\/{rel}","templated":true}]}}