{"id":6535,"date":"2020-10-05T13:10:09","date_gmt":"2020-10-05T18:10:09","guid":{"rendered":"https:\/\/encuentroinformativo.com.mx\/?p=6535"},"modified":"2020-10-05T13:10:29","modified_gmt":"2020-10-05T18:10:29","slug":"ocupa-veracruz-tercer-lugar-por-muertes-de-ninos-con-cancer","status":"publish","type":"post","link":"https:\/\/encuentroinformativo.com.mx\/?p=6535","title":{"rendered":"Ocupa Veracruz tercer lugar por muertes de ni\u00f1os con c\u00e1ncer"},"content":{"rendered":"\n<p><strong>Juan Arcos <\/strong><\/p>\n\n\n\n<p>Xalapa, Ver.- El dirigente estatal del Partido Acci\u00f3n Nacional (PAN), Joaqu\u00edn Guzm\u00e1n Avil\u00e9s, reprob\u00f3 que Veracruz ocupe el tercer lugar nacional en muertes de ni\u00f1as y ni\u00f1os por c\u00e1ncer.<\/p>\n\n\n\n<p>En videoconferencia, el l\u00edder albiazul record\u00f3 que, de acuerdo con cifras del Instituto Nacional de Estad\u00edstica y Geograf\u00eda (INEGI), el c\u00e1ncer infantil es la principal causa de muerte a nivel nacional en pacientes de cinco a 14 a\u00f1os.<\/p>\n\n\n\n<p>\u201cHoy sabemos que con tratamiento las ni\u00f1as y los ni\u00f1os pueden ganar esta lucha, pero para hacerlo necesitan todo el apoyo del estado y la sociedad\u201d.<\/p>\n\n\n\n<p>A\u00f1adi\u00f3 que el c\u00e1ncer se ha convertido en la tercera causa de muertes en el pa\u00eds, por debajo de las enfermedades del coraz\u00f3n y la diabetes.<\/p>\n\n\n\n<p>Adem\u00e1s, refiri\u00f3 que ante la falta de medicamentos y quimioterapias para ni\u00f1as y ni\u00f1os en Veracruz, las y los diputados del PAN solicitar\u00e1n la comparecencia del Secretario de Salud, Roberto Ramos Alor, ante el Congreso local.<\/p>\n\n\n\n<p>Se buscar\u00e1 que el funcionario estatal explique qu\u00e9 cantidad de los m\u00e1s de 10 millones 540 mil pesos que tienen los Servicios de Salud para ejercer este 2020, han sido destinados a la compra de medicamentos e insumos necesarios para los tratamientos oncol\u00f3gicos de ni\u00f1as y ni\u00f1os veracruzanos.<\/p>\n\n\n\n<p>\u00a0\u201cEl Gobierno de Morena, por su ineptitud y su indolencia, le sigue dando la espalda a todas y todos los pacientes con c\u00e1ncer. No hay medicamento oncol\u00f3gico, no hay quimioterapias, no hay atenci\u00f3n, no hay respuesta, no hay nada\u201d.<\/p>\n\n\n\n<p>Guzm\u00e1n Avil\u00e9s lament\u00f3 que, a casi dos a\u00f1os con la administraci\u00f3n de Morena en Veracruz, no se han otorgado soluciones reales y permanentes, pues han preferido centrarse en buscar culpables que asumir su responsabilidad con la infancia veracruzana.<\/p>\n\n\n\n<p>Foto: Redes Sociales <\/p>\n","protected":false},"excerpt":{"rendered":"<p>Juan Arcos Xalapa, Ver.- El dirigente estatal del Partido Acci\u00f3n Nacional (PAN), Joaqu\u00edn Guzm\u00e1n Avil\u00e9s, reprob\u00f3 que Veracruz ocupe el tercer lugar nacional en muertes de ni\u00f1as y ni\u00f1os por c\u00e1ncer. En videoconferencia, el l\u00edder albiazul record\u00f3 que, de acuerdo con cifras del Instituto Nacional de Estad\u00edstica y Geograf\u00eda (INEGI), el c\u00e1ncer infantil es la [&hellip;]<\/p>\n","protected":false},"author":1,"featured_media":6536,"comment_status":"open","ping_status":"open","sticky":false,"template":"","format":"standard","meta":{"_jetpack_memberships_contains_paid_content":false,"footnotes":""},"categories":[2],"tags":[],"class_list":["post-6535","post","type-post","status-publish","format-standard","has-post-thumbnail","hentry","category-estado"],"jetpack_featured_media_url":"https:\/\/encuentroinformativo.com.mx\/wp-content\/uploads\/2020\/10\/CB218F50-89FC-44E4-B287-0FAC2FF0A021.jpeg","jetpack_sharing_enabled":true,"jetpack_likes_enabled":true,"amp_enabled":true,"_links":{"self":[{"href":"https:\/\/encuentroinformativo.com.mx\/index.php?rest_route=\/wp\/v2\/posts\/6535","targetHints":{"allow":["GET"]}}],"collection":[{"href":"https:\/\/encuentroinformativo.com.mx\/index.php?rest_route=\/wp\/v2\/posts"}],"about":[{"href":"https:\/\/encuentroinformativo.com.mx\/index.php?rest_route=\/wp\/v2\/types\/post"}],"author":[{"embeddable":true,"href":"https:\/\/encuentroinformativo.com.mx\/index.php?rest_route=\/wp\/v2\/users\/1"}],"replies":[{"embeddable":true,"href":"https:\/\/encuentroinformativo.com.mx\/index.php?rest_route=%2Fwp%2Fv2%2Fcomments&post=6535"}],"version-history":[{"count":1,"href":"https:\/\/encuentroinformativo.com.mx\/index.php?rest_route=\/wp\/v2\/posts\/6535\/revisions"}],"predecessor-version":[{"id":6537,"href":"https:\/\/encuentroinformativo.com.mx\/index.php?rest_route=\/wp\/v2\/posts\/6535\/revisions\/6537"}],"wp:featuredmedia":[{"embeddable":true,"href":"https:\/\/encuentroinformativo.com.mx\/index.php?rest_route=\/wp\/v2\/media\/6536"}],"wp:attachment":[{"href":"https:\/\/encuentroinformativo.com.mx\/index.php?rest_route=%2Fwp%2Fv2%2Fmedia&parent=6535"}],"wp:term":[{"taxonomy":"category","embeddable":true,"href":"https:\/\/encuentroinformativo.com.mx\/index.php?rest_route=%2Fwp%2Fv2%2Fcategories&post=6535"},{"taxonomy":"post_tag","embeddable":true,"href":"https:\/\/encuentroinformativo.com.mx\/index.php?rest_route=%2Fwp%2Fv2%2Ftags&post=6535"}],"curies":[{"name":"wp","href":"https:\/\/api.w.org\/{rel}","templated":true}]}}