{"id":65352,"date":"2025-04-01T09:39:33","date_gmt":"2025-04-01T15:39:33","guid":{"rendered":"https:\/\/encuentroinformativo.com.mx\/?p=65352"},"modified":"2025-04-01T09:39:33","modified_gmt":"2025-04-01T15:39:33","slug":"trabajadores-del-tec-de-xalapa-reclaman-pago-de-salarios","status":"publish","type":"post","link":"https:\/\/encuentroinformativo.com.mx\/?p=65352","title":{"rendered":"Trabajadores del Tec de Xalapa reclaman pago de salarios"},"content":{"rendered":"<p><strong>Dar\u00edo Pale<\/strong><\/p>\n<p>Xalapa, Ver.- Trabajadores del Instituto Tecnol\u00f3gico de Xalapa (ITSX) se manifestaron frente a la Secretar\u00eda de Finanzas y Planeaci\u00f3n (Sefiplan) ante la falta de pagos de quincena y de prestaciones.<\/p>\n<p>En entrevista, Jorge Grijalva Mu\u00f1iz, secretario general del Sindicato Unificador de Trabajadores al Servicio del Instituto Tecnol\u00f3gico Superior de Xalapa (Sutsitsx), puntualiz\u00f3 que son m\u00e1s de 300 los trabajadores que se est\u00e1n viendo afectados por la falta de pago de su n\u00f3mina.<\/p>\n<p>&#8220;No se nos da una fecha de pago, exigimos que se libere el pago para que nosotros podamos obtener nuestra quincena. Estamos unidos aqu\u00ed todos los trabajadores del Tecnol\u00f3gico, tanto sindicalizados, libres y de confianza\u201d, se\u00f1al\u00f3.<\/p>\n<p>\u201cLe hacemos un atento llamado a nuestra gobernadora y a nuestra secretaria de Educaci\u00f3n, para que nos apoyen y nos agilicen y nos desplieguen el pago&#8221;, agrego.<\/p>\n<p>Acusaron al Oficial Mayor de la Secretar\u00eda de Educaci\u00f3n de Veracruz (SEV), Jos\u00e9 Ram\u00f3n Cardona Mendoza de no hacer la gesti\u00f3n para que llegaran los pagos de la segunda quincena de marzo.<\/p>\n<p>Por su parte, Rafael Lara Morales, secretario general del Sindicato de Empleados, Trabajadores y Docentes del Instituto Tecnol\u00f3gico Superior de Xalapa (SETDITSX), asegur\u00f3 que en esta misma situaci\u00f3n se encuentran los trabajadores de los institutos tecnol\u00f3gicos de Juan Rodr\u00edguez Clara y de \u00c1lamo.<\/p>\n<p>Ambos mencionaron que este lunes tuvieron una reuni\u00f3n con la Oficial Mayor de la Secretar\u00eda de Educaci\u00f3n de Veracruz, para exponerle esta situaci\u00f3n de las faltas de pago sin embargo, no les dio una respuesta positiva a sus demandas, no les defini\u00f3 una fecha.<\/p>\n<p>&#8220;Exigimos que nos atiendan, que nos den una soluci\u00f3n a nuestro problema&#8230; sabemos que hay un recurso destinado al Tecnol\u00f3gico de Xalapa, pero no se liber\u00f3 porque no se hizo el proceso como deb\u00eda de haberse hecho por parte de la Oficial Mayor&#8221;, se\u00f1al\u00f3 Lara Morales.<\/p>\n<p>Los trabajadores afectados aseguraron que no se mover\u00e1n de su protesta en la dependencia, hasta lograr que se resuelva el problema del pago de la quincena<\/p>\n<p>Los accesos a Finanzas fueron tomados desde la madrugada de este martes.<\/p>\n<p><img loading=\"lazy\" decoding=\"async\" class=\"alignnone size-medium wp-image-65354\" src=\"https:\/\/encuentroinformativo.com.mx\/wp-content\/uploads\/2025\/04\/IMG-20250401-WA0028-300x169.jpg\" alt=\"\" width=\"300\" height=\"169\" srcset=\"https:\/\/encuentroinformativo.com.mx\/wp-content\/uploads\/2025\/04\/IMG-20250401-WA0028-300x169.jpg 300w, https:\/\/encuentroinformativo.com.mx\/wp-content\/uploads\/2025\/04\/IMG-20250401-WA0028-1024x576.jpg 1024w, https:\/\/encuentroinformativo.com.mx\/wp-content\/uploads\/2025\/04\/IMG-20250401-WA0028-768x432.jpg 768w, https:\/\/encuentroinformativo.com.mx\/wp-content\/uploads\/2025\/04\/IMG-20250401-WA0028-1536x864.jpg 1536w, https:\/\/encuentroinformativo.com.mx\/wp-content\/uploads\/2025\/04\/IMG-20250401-WA0028.jpg 1600w\" sizes=\"auto, (max-width: 300px) 100vw, 300px\" \/><\/p>\n","protected":false},"excerpt":{"rendered":"<p>Dar\u00edo Pale Xalapa, Ver.- Trabajadores del Instituto Tecnol\u00f3gico de Xalapa (ITSX) se manifestaron frente a la Secretar\u00eda de Finanzas y Planeaci\u00f3n (Sefiplan) ante la falta de pagos de quincena y de prestaciones. En entrevista, Jorge Grijalva Mu\u00f1iz, secretario general del Sindicato Unificador de Trabajadores al Servicio del Instituto Tecnol\u00f3gico Superior de Xalapa (Sutsitsx), puntualiz\u00f3 que [&hellip;]<\/p>\n","protected":false},"author":2476,"featured_media":65353,"comment_status":"open","ping_status":"open","sticky":false,"template":"","format":"standard","meta":{"_jetpack_memberships_contains_paid_content":false,"footnotes":""},"categories":[3],"tags":[],"class_list":["post-65352","post","type-post","status-publish","format-standard","has-post-thumbnail","hentry","category-xalapa"],"jetpack_featured_media_url":"https:\/\/encuentroinformativo.com.mx\/wp-content\/uploads\/2025\/04\/IMG-20250401-WA0029.jpg","jetpack_sharing_enabled":true,"jetpack_likes_enabled":true,"amp_enabled":true,"_links":{"self":[{"href":"https:\/\/encuentroinformativo.com.mx\/index.php?rest_route=\/wp\/v2\/posts\/65352","targetHints":{"allow":["GET"]}}],"collection":[{"href":"https:\/\/encuentroinformativo.com.mx\/index.php?rest_route=\/wp\/v2\/posts"}],"about":[{"href":"https:\/\/encuentroinformativo.com.mx\/index.php?rest_route=\/wp\/v2\/types\/post"}],"author":[{"embeddable":true,"href":"https:\/\/encuentroinformativo.com.mx\/index.php?rest_route=\/wp\/v2\/users\/2476"}],"replies":[{"embeddable":true,"href":"https:\/\/encuentroinformativo.com.mx\/index.php?rest_route=%2Fwp%2Fv2%2Fcomments&post=65352"}],"version-history":[{"count":1,"href":"https:\/\/encuentroinformativo.com.mx\/index.php?rest_route=\/wp\/v2\/posts\/65352\/revisions"}],"predecessor-version":[{"id":65355,"href":"https:\/\/encuentroinformativo.com.mx\/index.php?rest_route=\/wp\/v2\/posts\/65352\/revisions\/65355"}],"wp:featuredmedia":[{"embeddable":true,"href":"https:\/\/encuentroinformativo.com.mx\/index.php?rest_route=\/wp\/v2\/media\/65353"}],"wp:attachment":[{"href":"https:\/\/encuentroinformativo.com.mx\/index.php?rest_route=%2Fwp%2Fv2%2Fmedia&parent=65352"}],"wp:term":[{"taxonomy":"category","embeddable":true,"href":"https:\/\/encuentroinformativo.com.mx\/index.php?rest_route=%2Fwp%2Fv2%2Fcategories&post=65352"},{"taxonomy":"post_tag","embeddable":true,"href":"https:\/\/encuentroinformativo.com.mx\/index.php?rest_route=%2Fwp%2Fv2%2Ftags&post=65352"}],"curies":[{"name":"wp","href":"https:\/\/api.w.org\/{rel}","templated":true}]}}