{"id":65366,"date":"2025-04-01T12:26:22","date_gmt":"2025-04-01T18:26:22","guid":{"rendered":"https:\/\/encuentroinformativo.com.mx\/?p=65366"},"modified":"2025-04-01T12:26:22","modified_gmt":"2025-04-01T18:26:22","slug":"reclaman-justicia-para-fidel-madre-pide-no-dejar-en-libertad-a-un-presunto-culpable","status":"publish","type":"post","link":"https:\/\/encuentroinformativo.com.mx\/?p=65366","title":{"rendered":"Reclaman justicia para Fidel; madre pide no dejar en libertad a un presunto culpable"},"content":{"rendered":"<p><strong>Dar\u00edo Pale<\/strong><\/p>\n<p>Xalapa, Ver.- Piden a las autoridades y a los jueces, tanto del Estado como de la Federaci\u00f3n, no permitan la liberaci\u00f3n de uno de los presuntos asesinos de su hijo, es Jes\u00fas Antonio Aguilar Guti\u00e9rrez, as\u00ed lo se\u00f1al\u00f3 la se\u00f1ora Mar\u00eda Isabel Ram\u00edrez Zavaleta, madre de Fidel Gonz\u00e1lez Ram\u00edrez, joven asesinado en Yanga, en agosto de 2023<\/p>\n<p>En conferencia de prensa la madre de Fidel Gonz\u00e1lez, record\u00f3 que en este crimen participaron 7 personas, uno de estos est\u00e1 preso en el penal de la Toma, en el municipio de Amatl\u00e1n de los Reyes, pero logr\u00f3 un amparo, pero este es para que la juez de la causa sustente bien la acusaci\u00f3n y permanezca recluido.<\/p>\n<p>Reconoci\u00f3 que todo el proceso ha sido muy complicado y en todos estos a\u00f1os no ha podido llevar un duelo, porque tiene que ir a la Fiscal\u00eda, a las audiencias, entre otros, pero no se puede quedar en su casa a esperar a que le digan que ya sali\u00f3 en libertad.<\/p>\n<p>&#8220;Quieren sacar libre a Jes\u00fas cuando es uno de los principales, si sueltan a este tipo a m\u00ed me desarman todo completamente\u201d, se\u00f1al\u00f3.<\/p>\n<p>\u201cPorque a qu\u00e9 se quedar\u00eda a enfrentar un proceso si el hermano, que dispar\u00f3, anda huyendo. Si el pap\u00e1 de este tipo est\u00e1 preso por secuestro y asesinato, a qu\u00e9 se quedar\u00eda \u00e9l&#8221;, cuestion\u00f3.<\/p>\n<p>Dijo que sabe qui\u00e9nes fueron los que actuaron en contra de su hijo y no est\u00e1 se\u00f1alando a gente inocente.<\/p>\n<p>&#8220;Yo s\u00e9 quienes son ellos, asesinaron a mi hijo, no estoy culpando a gente inocente. Lo \u00fanico que quiero es que el juez federal, la juez de La Toma, todos los que tengan que ver, no los sienta yo como mis enemigos, que tenga que estar luchando contra ellos\u201d, se\u00f1al\u00f3.<\/p>\n<p>\u201cMi hijo no era una carpeta, mi hijo no era un mont\u00f3n de papeles, mi hijo es una persona que nos est\u00e1 haciendo mucha falta&#8221;, agrego.<\/p>\n<p>Mar\u00eda Isabel refiri\u00f3 que una de las participantes, que est\u00e1 en Estados Unidos, espera su juicio de extradici\u00f3n, pero se embaraz\u00f3, al parecer para tener algunos beneficios.<\/p>\n<p>&#8220;Ya sab\u00eda lo que enfrentaba, lleg\u00f3 a Estados Unidos, se embaraz\u00f3, los rumores dicen que se embaraz\u00f3 del due\u00f1o de un bar en Cleveland, ahora tiene un beb\u00e9 y las leyes de all\u00e1 la est\u00e1n protegiendo, porque el beb\u00e9 tiene derecho a la lactancia&#8221;, se\u00f1al\u00f3.<\/p>\n<p>Decir que se levanta todos los d\u00edas por sus nietos o por sus otros hijos, ser\u00eda mentir, porque cuando a una madre le arrebatan a un hijo, se pierde la alegr\u00eda para siempre.<\/p>\n<p>Lament\u00f3 que entre los abogados tambi\u00e9n haya amiguismos, por lo que siente temor de que algo suceda y lo dejen en libertad y en ese sentido, llam\u00f3 a la sociedad para que se d\u00e9 cuenta de lo que sufre una v\u00edctima.<\/p>\n<p>&#8220;No tiene l\u00edmites lo que sufre una v\u00edctima para lograr un poquito de justicia. Mi hijo me daba fuerza, pero voy a salir adelante\u201d, advirti\u00f3.<\/p>\n<p>Finalmente se\u00f1al\u00f3, \u201cs\u00ed corro riesgos, s\u00ed he recibido amenazas, s\u00ed han tratado de que nos callemos, pero no lo voy a hacer, estoy dispuesta a llevar todo hasta donde tenga que llevarse&#8221;.<\/p>\n","protected":false},"excerpt":{"rendered":"<p>Dar\u00edo Pale Xalapa, Ver.- Piden a las autoridades y a los jueces, tanto del Estado como de la Federaci\u00f3n, no permitan la liberaci\u00f3n de uno de los presuntos asesinos de su hijo, es Jes\u00fas Antonio Aguilar Guti\u00e9rrez, as\u00ed lo se\u00f1al\u00f3 la se\u00f1ora Mar\u00eda Isabel Ram\u00edrez Zavaleta, madre de Fidel Gonz\u00e1lez Ram\u00edrez, joven asesinado en Yanga, [&hellip;]<\/p>\n","protected":false},"author":2476,"featured_media":65367,"comment_status":"open","ping_status":"open","sticky":false,"template":"","format":"standard","meta":{"_jetpack_memberships_contains_paid_content":false,"footnotes":""},"categories":[2],"tags":[],"class_list":["post-65366","post","type-post","status-publish","format-standard","has-post-thumbnail","hentry","category-estado"],"jetpack_featured_media_url":"https:\/\/encuentroinformativo.com.mx\/wp-content\/uploads\/2025\/04\/IMG-20250401-WA0111.jpg","jetpack_sharing_enabled":true,"jetpack_likes_enabled":true,"amp_enabled":true,"_links":{"self":[{"href":"https:\/\/encuentroinformativo.com.mx\/index.php?rest_route=\/wp\/v2\/posts\/65366","targetHints":{"allow":["GET"]}}],"collection":[{"href":"https:\/\/encuentroinformativo.com.mx\/index.php?rest_route=\/wp\/v2\/posts"}],"about":[{"href":"https:\/\/encuentroinformativo.com.mx\/index.php?rest_route=\/wp\/v2\/types\/post"}],"author":[{"embeddable":true,"href":"https:\/\/encuentroinformativo.com.mx\/index.php?rest_route=\/wp\/v2\/users\/2476"}],"replies":[{"embeddable":true,"href":"https:\/\/encuentroinformativo.com.mx\/index.php?rest_route=%2Fwp%2Fv2%2Fcomments&post=65366"}],"version-history":[{"count":1,"href":"https:\/\/encuentroinformativo.com.mx\/index.php?rest_route=\/wp\/v2\/posts\/65366\/revisions"}],"predecessor-version":[{"id":65368,"href":"https:\/\/encuentroinformativo.com.mx\/index.php?rest_route=\/wp\/v2\/posts\/65366\/revisions\/65368"}],"wp:featuredmedia":[{"embeddable":true,"href":"https:\/\/encuentroinformativo.com.mx\/index.php?rest_route=\/wp\/v2\/media\/65367"}],"wp:attachment":[{"href":"https:\/\/encuentroinformativo.com.mx\/index.php?rest_route=%2Fwp%2Fv2%2Fmedia&parent=65366"}],"wp:term":[{"taxonomy":"category","embeddable":true,"href":"https:\/\/encuentroinformativo.com.mx\/index.php?rest_route=%2Fwp%2Fv2%2Fcategories&post=65366"},{"taxonomy":"post_tag","embeddable":true,"href":"https:\/\/encuentroinformativo.com.mx\/index.php?rest_route=%2Fwp%2Fv2%2Ftags&post=65366"}],"curies":[{"name":"wp","href":"https:\/\/api.w.org\/{rel}","templated":true}]}}