{"id":65369,"date":"2025-04-01T12:36:23","date_gmt":"2025-04-01T18:36:23","guid":{"rendered":"https:\/\/encuentroinformativo.com.mx\/?p=65369"},"modified":"2025-04-01T12:36:23","modified_gmt":"2025-04-01T18:36:23","slug":"bloquean-avenida-en-veracruz-puerto-por-falta-de-luz-en-escuela","status":"publish","type":"post","link":"https:\/\/encuentroinformativo.com.mx\/?p=65369","title":{"rendered":"Bloquean avenida en Veracruz puerto por falta de luz en escuela"},"content":{"rendered":"<p><strong>Alejandro \u00c1vila<\/strong><\/p>\n<p>Veracruz, Ver.- Debido a la falta de energ\u00eda el\u00e9ctrica en la Secundaria General n\u00famero 4 &#8220;Emilia L Turicio de Exsome&#8221;, padres de familia bloquearon la avenida Rafael Cuervo a la altura de la colonia Playa Linda, pues exigen a la Secretar\u00eda de Educaci\u00f3n de Veracruz el apoyo para que la Comisi\u00f3n Federal de Electricidad les dote del servicio.<\/p>\n<p>Los afectados se\u00f1alaron que desde el pasado mes de octubre se descompuso un transformador y desde esa fecha la energ\u00eda el\u00e9ctrica es escasa al igual que el agua.<\/p>\n<p>\u201cNo hay luz y por lo tanto no hay agua en los ba\u00f1os, mencionan los chicos que est\u00e1n tapados y no hay ni para lo m\u00e1s necesario\u201d, dijo Cecilia L\u00f3pez una de las madres que protestaron.<\/p>\n<p>Alumnos y padres se colocaron sobre la avenida que gener\u00f3 colapso en el tr\u00e1nsito vehicular de camiones de transporte p\u00fablico, de carga y particulares.<\/p>\n<p>Se\u00f1alan que los padres han tenido que pagar en un mismo a\u00f1o dos cuotas para aportar para la rehabilitaci\u00f3n del transformador, sin embargo, no han tenido soluci\u00f3n.<\/p>\n<p>En este ciclo escolar pagaron alrededor de mil 500 pesos por alumno.<\/p>\n<p>\u201cmencionaron que solo les hab\u00eda alcanzado para mano de obra y cableado porque es subterr\u00e1neo, volvieron a hacer cooperaci\u00f3n, le pidieron a todos los padres turno de la ma\u00f1ana y turno de la tarde s\u00e9 que son un aproximado de 500 ni\u00f1os y volvieron a hacer otra cuota\u201d.<\/p>\n<p>Lleg\u00f3 la temporada de calor y las altas temperaturas impiden que los alumnos tomen clases.<br \/>\nAunque redujeron los horarios, los alumnos han presentado problemas de salud.<\/p>\n<p>\u201cLos ni\u00f1os han tenido enfermedades porque no hay luz y agua, nos han pedido adelantos de la cooperaci\u00f3n y no ha habido soluci\u00f3n. Desde el a\u00f1o pasado han estado enferm\u00e1ndose, con temperatura, goles de calor, la cooperativa no puede enfriar aguas aunque sea para hidratarse\u201d, indic\u00f3 Mical G\u00f3mez.<\/p>\n<p>Los padres de familia se\u00f1alan que el plantel no est\u00e1 regularizado por un problema de escrituraci\u00f3n.<\/p>\n","protected":false},"excerpt":{"rendered":"<p>Alejandro \u00c1vila Veracruz, Ver.- Debido a la falta de energ\u00eda el\u00e9ctrica en la Secundaria General n\u00famero 4 &#8220;Emilia L Turicio de Exsome&#8221;, padres de familia bloquearon la avenida Rafael Cuervo a la altura de la colonia Playa Linda, pues exigen a la Secretar\u00eda de Educaci\u00f3n de Veracruz el apoyo para que la Comisi\u00f3n Federal de [&hellip;]<\/p>\n","protected":false},"author":2476,"featured_media":65370,"comment_status":"open","ping_status":"open","sticky":false,"template":"","format":"standard","meta":{"_jetpack_memberships_contains_paid_content":false,"footnotes":""},"categories":[2],"tags":[],"class_list":["post-65369","post","type-post","status-publish","format-standard","has-post-thumbnail","hentry","category-estado"],"jetpack_featured_media_url":"https:\/\/encuentroinformativo.com.mx\/wp-content\/uploads\/2025\/04\/IMG-20250401-WA0140.jpg","jetpack_sharing_enabled":true,"jetpack_likes_enabled":true,"amp_enabled":true,"_links":{"self":[{"href":"https:\/\/encuentroinformativo.com.mx\/index.php?rest_route=\/wp\/v2\/posts\/65369","targetHints":{"allow":["GET"]}}],"collection":[{"href":"https:\/\/encuentroinformativo.com.mx\/index.php?rest_route=\/wp\/v2\/posts"}],"about":[{"href":"https:\/\/encuentroinformativo.com.mx\/index.php?rest_route=\/wp\/v2\/types\/post"}],"author":[{"embeddable":true,"href":"https:\/\/encuentroinformativo.com.mx\/index.php?rest_route=\/wp\/v2\/users\/2476"}],"replies":[{"embeddable":true,"href":"https:\/\/encuentroinformativo.com.mx\/index.php?rest_route=%2Fwp%2Fv2%2Fcomments&post=65369"}],"version-history":[{"count":1,"href":"https:\/\/encuentroinformativo.com.mx\/index.php?rest_route=\/wp\/v2\/posts\/65369\/revisions"}],"predecessor-version":[{"id":65371,"href":"https:\/\/encuentroinformativo.com.mx\/index.php?rest_route=\/wp\/v2\/posts\/65369\/revisions\/65371"}],"wp:featuredmedia":[{"embeddable":true,"href":"https:\/\/encuentroinformativo.com.mx\/index.php?rest_route=\/wp\/v2\/media\/65370"}],"wp:attachment":[{"href":"https:\/\/encuentroinformativo.com.mx\/index.php?rest_route=%2Fwp%2Fv2%2Fmedia&parent=65369"}],"wp:term":[{"taxonomy":"category","embeddable":true,"href":"https:\/\/encuentroinformativo.com.mx\/index.php?rest_route=%2Fwp%2Fv2%2Fcategories&post=65369"},{"taxonomy":"post_tag","embeddable":true,"href":"https:\/\/encuentroinformativo.com.mx\/index.php?rest_route=%2Fwp%2Fv2%2Ftags&post=65369"}],"curies":[{"name":"wp","href":"https:\/\/api.w.org\/{rel}","templated":true}]}}