{"id":65386,"date":"2025-04-01T15:37:29","date_gmt":"2025-04-01T21:37:29","guid":{"rendered":"https:\/\/encuentroinformativo.com.mx\/?p=65386"},"modified":"2025-04-01T15:37:29","modified_gmt":"2025-04-01T21:37:29","slug":"a-cinco-anos-familiares-reclaman-justicia-para-maria-elena-ferral","status":"publish","type":"post","link":"https:\/\/encuentroinformativo.com.mx\/?p=65386","title":{"rendered":"\u00a1A cinco a\u00f1os! Familiares reclaman justicia para Mar\u00eda Elena Ferral"},"content":{"rendered":"<p><strong>Dar\u00edo Pale<\/strong><\/p>\n<p>Xalapa, Ver.- Mar\u00eda Fernanda de Luna Ferral se manifest\u00f3 en Plaza Lerdo, para exigir justicia por el homicidio de su madre, la periodista Mar\u00eda Elena Ferral, hay seis sentenciados hasta el momento, pero de estos, ninguna sentencia firme hasta el momento.<\/p>\n<p>Entrevistada durante la manifestaci\u00f3n record\u00f3 que \u201cel 30 de marzo de 2020 han pasado cinco a\u00f1os desde el terrible crimen cometido en contra de mi se\u00f1ora madre, la periodista Mar\u00eda Elena Ferrar Hern\u00e1ndez, y ahora, \u00bfqu\u00e9 han resuelto hasta ahora sobre el caso?, pues mira, hay seis sentenciados hasta el momento, pero de estos, ninguna sentencia firme hasta el momento\u201d.<\/p>\n<p>\u201cNo podemos decir que haya una justicia porque no hay una sentencia firme, el caso se est\u00e1 retrasando, pero pues la verdad, yo ya met\u00ed un amparo porque no han atrapado al presunto autor intelectual, todos recordar\u00e1n que Fiscal\u00eda sali\u00f3 a decir qui\u00e9n hab\u00eda sido el autor intelectual, ha sido Picasso P\u00e9rez, y pues hasta el momento el se\u00f1or no cuenta con orden de aprehensi\u00f3n porque Fiscal\u00eda cometi\u00f3 un error, en la integraci\u00f3n de la carpeta y en la solicitud de esa orden de aprehensi\u00f3n, por lo cual se le concedi\u00f3 un amparo para que \u00e9l pudiera, pues ahora s\u00ed, estar en libertad\u201d, coment\u00f3.<\/p>\n<p>De acuerdo con su hija, el crimen de su madre contin\u00faa en la impunidad por lo que pidi\u00f3 una reuni\u00f3n con la Gobernadora Roc\u00edo Nahle Garc\u00eda.<\/p>\n<p>Record\u00f3 que el asesinato est\u00e1 presuntamente relacionado con el exdiputado local Basilio \u201cN\u201d y aunque debi\u00f3 existir una nueva orden de aprehensi\u00f3n no se ha llevado a cabo.<\/p>\n<p>\u201cBasilio se presume como el autor intelectual del caso del homicidio de mi madre. Esto lo dijo la Fiscal\u00eda en su momento cuando este caso pas\u00f3. A ra\u00edz de eso, ahorita son ya 5 a\u00f1os cumplidos de este atroz crimen&#8221;, se\u00f1al\u00f3.<\/p>\n<p>A su decir, se violent\u00f3 el debido proceso, por lo que insisti\u00f3 en la necesidad de reunirse con la mandataria estatal para exponerle su caso.<\/p>\n<p>&#8220;En mi caso ser\u00eda explicarles las situaciones que se han llevado, a mi se me retir\u00f3 un elemento de seguridad lo cual a mi el mecanismo federal es el que me otorga esta protecci\u00f3n y se me retir\u00f3 de manera abrupta un elemento y no me notificaron, esta es una de las situaciones que quiero tocar con ella y que me pueda apoyar&#8221;, abund\u00f3.<\/p>\n<p>Acus\u00f3 que la familia de caciques lo est\u00e1 cobijando el partido en el poder, dado que no se ha presentado ante la justicia y le est\u00e1 dando cobijo Morena lo cual le resulta muy dif\u00edcil de creer tanto a ella como a su familia ya que pens\u00f3 que si les har\u00edan justicia.<\/p>\n<p>\u201cCuitl\u00e1huac Garc\u00eda se comprometi\u00f3, ya sali\u00f3, ahorita est\u00e1 una nueva gobernadora que espero y entienda esta situaci\u00f3n y nos ayude a nosotros, a los familiares v\u00edctimas de periodistas porque hemos solicitado reuniones con ella y hasta el momento no hemos tenido respuesta\u201d, dijo en entrevista.<\/p>\n<p>\u201cLa Fiscal\u00eda a m\u00ed no me ha dicho nada, por eso met\u00ed un recurso de amparo para saber por qu\u00e9 no han ejecutado esas \u00f3rdenes de aprehensi\u00f3n, ellos excusan de que el juez le dio el amparo a Basilio, pero se lo dio porque no se solicit\u00f3 de la manera correcta esta orden de aprehensi\u00f3n, pero desde enero de este a\u00f1o ellos debieron de haber vuelto a solicitar una audiencia para solicitar nuevamente una orden de aprehensi\u00f3n y no lo han hecho\u201d, acus\u00f3.<\/p>\n<p>Finalmente coment\u00f3 que, en su caso particular, pues explicarles las situaciones que han llevado a que se le retirara el elemento de seguridad, que el mecanismo federal es el que le brinda esta protecci\u00f3n y se lo retir\u00f3 de manera abrupta el elemento, \u201cno me notificaron, esta es una de las situaciones que quisiera tocar con ella\u201d.<\/p>\n<p>\u201cLa otra ser\u00eda, pues ahora s\u00ed, buscar alg\u00fan recurso que ella me pueda ayudar en el sentido de que yo no cuento con absolutamente ning\u00fan apoyo, ninguna asistencia m\u00e9dica, mi hermano tambi\u00e9n no cuenta con ninguna beca, \u00e9l es un menor de edad, yo estoy, pues ahora s\u00ed, batallando esta cuesti\u00f3n, son cinco a\u00f1os que me extrajeron de mi ciudad de origen, de mi trabajo, perd\u00ed a mi mam\u00e1, perd\u00ed a mi padre, perd\u00ed a mi jefa, perd\u00ed mi trabajo, perd\u00ed una vida completamente y pues por eso estoy aqu\u00ed siguiendo exigiendo justicia por ella, para que caigan todos los que deban de caer por este caso\u201d.<\/p>\n<p><img loading=\"lazy\" decoding=\"async\" class=\"alignnone size-medium wp-image-65389\" src=\"https:\/\/encuentroinformativo.com.mx\/wp-content\/uploads\/2025\/04\/IMG-20250401-WA0258-300x225.jpg\" alt=\"\" width=\"300\" height=\"225\" srcset=\"https:\/\/encuentroinformativo.com.mx\/wp-content\/uploads\/2025\/04\/IMG-20250401-WA0258-300x225.jpg 300w, https:\/\/encuentroinformativo.com.mx\/wp-content\/uploads\/2025\/04\/IMG-20250401-WA0258-1024x768.jpg 1024w, https:\/\/encuentroinformativo.com.mx\/wp-content\/uploads\/2025\/04\/IMG-20250401-WA0258-768x576.jpg 768w, https:\/\/encuentroinformativo.com.mx\/wp-content\/uploads\/2025\/04\/IMG-20250401-WA0258-1536x1152.jpg 1536w, https:\/\/encuentroinformativo.com.mx\/wp-content\/uploads\/2025\/04\/IMG-20250401-WA0258.jpg 1600w\" sizes=\"auto, (max-width: 300px) 100vw, 300px\" \/><\/p>\n","protected":false},"excerpt":{"rendered":"<p>Dar\u00edo Pale Xalapa, Ver.- Mar\u00eda Fernanda de Luna Ferral se manifest\u00f3 en Plaza Lerdo, para exigir justicia por el homicidio de su madre, la periodista Mar\u00eda Elena Ferral, hay seis sentenciados hasta el momento, pero de estos, ninguna sentencia firme hasta el momento. Entrevistada durante la manifestaci\u00f3n record\u00f3 que \u201cel 30 de marzo de 2020 [&hellip;]<\/p>\n","protected":false},"author":2476,"featured_media":65387,"comment_status":"open","ping_status":"open","sticky":false,"template":"","format":"standard","meta":{"_jetpack_memberships_contains_paid_content":false,"footnotes":""},"categories":[2],"tags":[],"class_list":["post-65386","post","type-post","status-publish","format-standard","has-post-thumbnail","hentry","category-estado"],"jetpack_featured_media_url":"https:\/\/encuentroinformativo.com.mx\/wp-content\/uploads\/2025\/04\/IMG-20250401-WA0257.jpg","jetpack_sharing_enabled":true,"jetpack_likes_enabled":true,"amp_enabled":true,"_links":{"self":[{"href":"https:\/\/encuentroinformativo.com.mx\/index.php?rest_route=\/wp\/v2\/posts\/65386","targetHints":{"allow":["GET"]}}],"collection":[{"href":"https:\/\/encuentroinformativo.com.mx\/index.php?rest_route=\/wp\/v2\/posts"}],"about":[{"href":"https:\/\/encuentroinformativo.com.mx\/index.php?rest_route=\/wp\/v2\/types\/post"}],"author":[{"embeddable":true,"href":"https:\/\/encuentroinformativo.com.mx\/index.php?rest_route=\/wp\/v2\/users\/2476"}],"replies":[{"embeddable":true,"href":"https:\/\/encuentroinformativo.com.mx\/index.php?rest_route=%2Fwp%2Fv2%2Fcomments&post=65386"}],"version-history":[{"count":2,"href":"https:\/\/encuentroinformativo.com.mx\/index.php?rest_route=\/wp\/v2\/posts\/65386\/revisions"}],"predecessor-version":[{"id":65390,"href":"https:\/\/encuentroinformativo.com.mx\/index.php?rest_route=\/wp\/v2\/posts\/65386\/revisions\/65390"}],"wp:featuredmedia":[{"embeddable":true,"href":"https:\/\/encuentroinformativo.com.mx\/index.php?rest_route=\/wp\/v2\/media\/65387"}],"wp:attachment":[{"href":"https:\/\/encuentroinformativo.com.mx\/index.php?rest_route=%2Fwp%2Fv2%2Fmedia&parent=65386"}],"wp:term":[{"taxonomy":"category","embeddable":true,"href":"https:\/\/encuentroinformativo.com.mx\/index.php?rest_route=%2Fwp%2Fv2%2Fcategories&post=65386"},{"taxonomy":"post_tag","embeddable":true,"href":"https:\/\/encuentroinformativo.com.mx\/index.php?rest_route=%2Fwp%2Fv2%2Ftags&post=65386"}],"curies":[{"name":"wp","href":"https:\/\/api.w.org\/{rel}","templated":true}]}}