{"id":65391,"date":"2025-04-01T18:20:14","date_gmt":"2025-04-02T00:20:14","guid":{"rendered":"https:\/\/encuentroinformativo.com.mx\/?p=65391"},"modified":"2025-04-01T18:20:14","modified_gmt":"2025-04-02T00:20:14","slug":"retira-yunes-marquez-solicitud-de-afiliacion-a-morena","status":"publish","type":"post","link":"https:\/\/encuentroinformativo.com.mx\/?p=65391","title":{"rendered":"Retira Yunes M\u00e1rquez solicitud de afiliaci\u00f3n a Morena"},"content":{"rendered":"<p><strong>Dar\u00edo Pale<\/strong><\/p>\n<p>Xalapa, Ver.- El senador de la Rep\u00fablica, Miguel \u00c1ngel Yunes M\u00e1rquez, retir\u00f3 su solicitud de afiliaci\u00f3n a Morena.<\/p>\n<p>A trav\u00e9s de sus redes sociales public\u00f3 un documento dirigido a la dirigente nacional del partido guinda, Luisa Mar\u00eda Alcalde Luj\u00e1n, para hacerle del conocimiento su decisi\u00f3n.<\/p>\n<p>Y es que aunque se\u00f1al\u00f3 que su intenci\u00f3n de sumarse a Morena fue respaldar a la presidenta Claudia Sheinbaum, dijo estar al tanto que algunas voces no est\u00e1n de acuerdo con su afiliaci\u00f3n.<\/p>\n<p>Recalc\u00f3 que su objetivo fue aportar, no provocar un debate interno, ni mucho menos dividir.<\/p>\n<p>No obstante dej\u00f3 en claro que continuar\u00e1 apoyando las acciones que emprenda en bien de M\u00e9xico la Presidenta de la Rep\u00fablica, Claudia Sheinbaum Pardo, as\u00ed como mantenerse como integrante del Grupo Parlamentario de Morena en el Senado de la Rep\u00fablica, donde representa al Estado de Veracruz.<\/p>\n<p>&#8220;Espero de esta manera, contribuir a la unidad de voces y voluntades necesarias para llevar a cabo los altos objetivos delineados por el Gobierno de la Rep\u00fablica, del cual las y los Senadores formamos parte como integrantes del Poder Legislativo&#8221;.<\/p>\n","protected":false},"excerpt":{"rendered":"<p>Dar\u00edo Pale Xalapa, Ver.- El senador de la Rep\u00fablica, Miguel \u00c1ngel Yunes M\u00e1rquez, retir\u00f3 su solicitud de afiliaci\u00f3n a Morena. A trav\u00e9s de sus redes sociales public\u00f3 un documento dirigido a la dirigente nacional del partido guinda, Luisa Mar\u00eda Alcalde Luj\u00e1n, para hacerle del conocimiento su decisi\u00f3n. Y es que aunque se\u00f1al\u00f3 que su intenci\u00f3n [&hellip;]<\/p>\n","protected":false},"author":2476,"featured_media":65392,"comment_status":"open","ping_status":"open","sticky":false,"template":"","format":"standard","meta":{"_jetpack_memberships_contains_paid_content":false,"footnotes":""},"categories":[12],"tags":[],"class_list":["post-65391","post","type-post","status-publish","format-standard","has-post-thumbnail","hentry","category-nacional"],"jetpack_featured_media_url":"https:\/\/encuentroinformativo.com.mx\/wp-content\/uploads\/2025\/04\/IMG-20250401-WA03432.jpg","jetpack_sharing_enabled":true,"jetpack_likes_enabled":true,"amp_enabled":true,"_links":{"self":[{"href":"https:\/\/encuentroinformativo.com.mx\/index.php?rest_route=\/wp\/v2\/posts\/65391","targetHints":{"allow":["GET"]}}],"collection":[{"href":"https:\/\/encuentroinformativo.com.mx\/index.php?rest_route=\/wp\/v2\/posts"}],"about":[{"href":"https:\/\/encuentroinformativo.com.mx\/index.php?rest_route=\/wp\/v2\/types\/post"}],"author":[{"embeddable":true,"href":"https:\/\/encuentroinformativo.com.mx\/index.php?rest_route=\/wp\/v2\/users\/2476"}],"replies":[{"embeddable":true,"href":"https:\/\/encuentroinformativo.com.mx\/index.php?rest_route=%2Fwp%2Fv2%2Fcomments&post=65391"}],"version-history":[{"count":1,"href":"https:\/\/encuentroinformativo.com.mx\/index.php?rest_route=\/wp\/v2\/posts\/65391\/revisions"}],"predecessor-version":[{"id":65393,"href":"https:\/\/encuentroinformativo.com.mx\/index.php?rest_route=\/wp\/v2\/posts\/65391\/revisions\/65393"}],"wp:featuredmedia":[{"embeddable":true,"href":"https:\/\/encuentroinformativo.com.mx\/index.php?rest_route=\/wp\/v2\/media\/65392"}],"wp:attachment":[{"href":"https:\/\/encuentroinformativo.com.mx\/index.php?rest_route=%2Fwp%2Fv2%2Fmedia&parent=65391"}],"wp:term":[{"taxonomy":"category","embeddable":true,"href":"https:\/\/encuentroinformativo.com.mx\/index.php?rest_route=%2Fwp%2Fv2%2Fcategories&post=65391"},{"taxonomy":"post_tag","embeddable":true,"href":"https:\/\/encuentroinformativo.com.mx\/index.php?rest_route=%2Fwp%2Fv2%2Ftags&post=65391"}],"curies":[{"name":"wp","href":"https:\/\/api.w.org\/{rel}","templated":true}]}}