{"id":65394,"date":"2025-04-01T19:53:55","date_gmt":"2025-04-02T01:53:55","guid":{"rendered":"https:\/\/encuentroinformativo.com.mx\/?p=65394"},"modified":"2025-04-01T19:53:55","modified_gmt":"2025-04-02T01:53:55","slug":"fallece-la-diputada-federal-maru-pinete","status":"publish","type":"post","link":"https:\/\/encuentroinformativo.com.mx\/?p=65394","title":{"rendered":"Fallece la diputada federal Maru Pinete"},"content":{"rendered":"<p><strong>Redacci\u00f3n<\/strong><\/p>\n<p>Xalapa, Ver.- La tarde- noche de este martes trascendi\u00f3 la muerte de la diputada federal Mar\u00eda del Carmen Pinete Vargas.<\/p>\n<p>Aunque al momento no hay un comunicado oficial, diversos pol\u00edticos a trav\u00e9s de redes sociales han confirmado el deceso de la legisladora por el Partido Verde Ecologista de M\u00e9xico (PVEM).<\/p>\n<p>El coordinador de los diputados de Morena en San L\u00e1zaro, Ricardo Monreal se\u00f1al\u00f3: &#8220;Con gran pesar recibimos la noticia del fallecimiento de nuestra compa\u00f1era Diputada del PVEM Ma. Del Carmen Pinete Vargas, mujer comprometida con M\u00e9xico y ejemplo de trabajo. Enviamos nuestras condolencias a su familia y seres queridos en este trance doloroso. Descanse en paz&#8221;.<\/p>\n<p>Por su parte el diputado federal Javier Herrera Borunda extern\u00f3: &#8220;Maru era una mujer incre\u00edble. Me he quedado sin palabras al saber de su fallecimiento&#8230;siento una profunda tristeza por la perdida de una mujer que para m\u00ed fue una fuente de cari\u00f1o sincero y mi soporte en m\u00faltiples batallas. Siempre la voy a recordar, siempre estar\u00e1 en mi coraz\u00f3n. Mis condolencias a su amada familia&#8221;.<\/p>\n<p>Algunos otros legisladores como Claudia Ruiz Massieu y Sergio Guti\u00e9rrez Luna se han sumado a las condolencias por la p\u00e9rdida de la legisladora.<\/p>\n","protected":false},"excerpt":{"rendered":"<p>Redacci\u00f3n Xalapa, Ver.- La tarde- noche de este martes trascendi\u00f3 la muerte de la diputada federal Mar\u00eda del Carmen Pinete Vargas. Aunque al momento no hay un comunicado oficial, diversos pol\u00edticos a trav\u00e9s de redes sociales han confirmado el deceso de la legisladora por el Partido Verde Ecologista de M\u00e9xico (PVEM). El coordinador de los [&hellip;]<\/p>\n","protected":false},"author":2476,"featured_media":65395,"comment_status":"open","ping_status":"open","sticky":false,"template":"","format":"standard","meta":{"_jetpack_memberships_contains_paid_content":false,"footnotes":""},"categories":[2],"tags":[],"class_list":["post-65394","post","type-post","status-publish","format-standard","has-post-thumbnail","hentry","category-estado"],"jetpack_featured_media_url":"https:\/\/encuentroinformativo.com.mx\/wp-content\/uploads\/2025\/04\/Screenshot_20250401-192810.png","jetpack_sharing_enabled":true,"jetpack_likes_enabled":true,"amp_enabled":true,"_links":{"self":[{"href":"https:\/\/encuentroinformativo.com.mx\/index.php?rest_route=\/wp\/v2\/posts\/65394","targetHints":{"allow":["GET"]}}],"collection":[{"href":"https:\/\/encuentroinformativo.com.mx\/index.php?rest_route=\/wp\/v2\/posts"}],"about":[{"href":"https:\/\/encuentroinformativo.com.mx\/index.php?rest_route=\/wp\/v2\/types\/post"}],"author":[{"embeddable":true,"href":"https:\/\/encuentroinformativo.com.mx\/index.php?rest_route=\/wp\/v2\/users\/2476"}],"replies":[{"embeddable":true,"href":"https:\/\/encuentroinformativo.com.mx\/index.php?rest_route=%2Fwp%2Fv2%2Fcomments&post=65394"}],"version-history":[{"count":1,"href":"https:\/\/encuentroinformativo.com.mx\/index.php?rest_route=\/wp\/v2\/posts\/65394\/revisions"}],"predecessor-version":[{"id":65396,"href":"https:\/\/encuentroinformativo.com.mx\/index.php?rest_route=\/wp\/v2\/posts\/65394\/revisions\/65396"}],"wp:featuredmedia":[{"embeddable":true,"href":"https:\/\/encuentroinformativo.com.mx\/index.php?rest_route=\/wp\/v2\/media\/65395"}],"wp:attachment":[{"href":"https:\/\/encuentroinformativo.com.mx\/index.php?rest_route=%2Fwp%2Fv2%2Fmedia&parent=65394"}],"wp:term":[{"taxonomy":"category","embeddable":true,"href":"https:\/\/encuentroinformativo.com.mx\/index.php?rest_route=%2Fwp%2Fv2%2Fcategories&post=65394"},{"taxonomy":"post_tag","embeddable":true,"href":"https:\/\/encuentroinformativo.com.mx\/index.php?rest_route=%2Fwp%2Fv2%2Ftags&post=65394"}],"curies":[{"name":"wp","href":"https:\/\/api.w.org\/{rel}","templated":true}]}}