{"id":65401,"date":"2025-04-01T20:29:33","date_gmt":"2025-04-02T02:29:33","guid":{"rendered":"https:\/\/encuentroinformativo.com.mx\/?p=65401"},"modified":"2025-04-01T20:29:33","modified_gmt":"2025-04-02T02:29:33","slug":"asumen-siete-personas-el-cargo-de-diputada-o-diputado-local","status":"publish","type":"post","link":"https:\/\/encuentroinformativo.com.mx\/?p=65401","title":{"rendered":"Asumen siete personas el cargo de diputada o diputado local"},"content":{"rendered":"<p><strong>* Ante las licencias concedidas a las diputadas o diputados propietarios, se integran las y el suplente para continuar ininterrumpidamente con el trabajo legislativo.<\/strong><\/p>\n<p style=\"font-weight: 400;\">Xalapa, Ver.- En cumplimiento con el Art\u00edculo 16 de la Ley Org\u00e1nica del Poder Legislativo y ante las licencias concedidas por el Pleno a diputadas y diputados propietarios, la presidencia de la Mesa Directiva, a cargo de la diputada Tanya Carola Viveros Ch\u00e1zaro, tom\u00f3 la protesta de ley a siete personas que asumen el cargo de diputadas y diputado a la LXVII Legislatura.<\/p>\n<p style=\"font-weight: 400;\">En la primera sesi\u00f3n, del Segundo Periodo Ordinario, la comisi\u00f3n de cortes\u00eda, integrada por los diputados Esteban Bautista Hern\u00e1ndez, Carlos Marcelo Ruiz S\u00e1nchez y Enrique Cambranis Torres, as\u00ed como por la diputada Dulce Mar\u00eda Hern\u00e1ndez Tepole, recibi\u00f3 y condujo a las ciudadanas y ciudadano al recinto oficial de sesiones para la protesta de ley.<\/p>\n<p style=\"font-weight: 400;\">A continuaci\u00f3n el nombre de la persona que asume el cargo de diputada o diputado y a quien suple: Amelia Luc\u00eda Mu\u00f1oz Errasquin por Janix Liliana Castro Mu\u00f1oz; Maddie Uscanga Hern\u00e1ndez, en lugar de Bertha Rosal\u00eda Ahued Malpica; Erika del Carmen Rosario Morales, por Rafael Gustavo Fararoni Maga\u00f1a; Roxana Barrag\u00e1n Hern\u00e1ndez, en lugar de Ang\u00e9lica Pe\u00f1a Mart\u00ednez; Nayelly Mendoza Camarillo, por Igor Fidel Roj\u00ed L\u00f3pez; Hilda Nava Sese\u00f1a, en lugar de Indira de Jes\u00fas Rosales San Rom\u00e1n, y Facundo Fern\u00e1ndez de la Cruz, por Roberto Francisco San Rom\u00e1n Solana.<\/p>\n<p style=\"font-weight: 400;\">Las diputadas y diputado que rindieron protesta ante el Pleno fungir\u00e1n en el cargo hasta en tanto dure la licencia concedida al diputado o diputada propietaria.<\/p>\n<p style=\"font-weight: 400;\">\n","protected":false},"excerpt":{"rendered":"<p>* Ante las licencias concedidas a las diputadas o diputados propietarios, se integran las y el suplente para continuar ininterrumpidamente con el trabajo legislativo. Xalapa, Ver.- En cumplimiento con el Art\u00edculo 16 de la Ley Org\u00e1nica del Poder Legislativo y ante las licencias concedidas por el Pleno a diputadas y diputados propietarios, la presidencia de [&hellip;]<\/p>\n","protected":false},"author":2476,"featured_media":65402,"comment_status":"open","ping_status":"open","sticky":false,"template":"","format":"standard","meta":{"_jetpack_memberships_contains_paid_content":false,"footnotes":""},"categories":[2],"tags":[],"class_list":["post-65401","post","type-post","status-publish","format-standard","has-post-thumbnail","hentry","category-estado"],"jetpack_featured_media_url":"https:\/\/encuentroinformativo.com.mx\/wp-content\/uploads\/2025\/04\/NOV01ABRI2025SUP.32.jpeg","jetpack_sharing_enabled":true,"jetpack_likes_enabled":true,"amp_enabled":true,"_links":{"self":[{"href":"https:\/\/encuentroinformativo.com.mx\/index.php?rest_route=\/wp\/v2\/posts\/65401","targetHints":{"allow":["GET"]}}],"collection":[{"href":"https:\/\/encuentroinformativo.com.mx\/index.php?rest_route=\/wp\/v2\/posts"}],"about":[{"href":"https:\/\/encuentroinformativo.com.mx\/index.php?rest_route=\/wp\/v2\/types\/post"}],"author":[{"embeddable":true,"href":"https:\/\/encuentroinformativo.com.mx\/index.php?rest_route=\/wp\/v2\/users\/2476"}],"replies":[{"embeddable":true,"href":"https:\/\/encuentroinformativo.com.mx\/index.php?rest_route=%2Fwp%2Fv2%2Fcomments&post=65401"}],"version-history":[{"count":1,"href":"https:\/\/encuentroinformativo.com.mx\/index.php?rest_route=\/wp\/v2\/posts\/65401\/revisions"}],"predecessor-version":[{"id":65403,"href":"https:\/\/encuentroinformativo.com.mx\/index.php?rest_route=\/wp\/v2\/posts\/65401\/revisions\/65403"}],"wp:featuredmedia":[{"embeddable":true,"href":"https:\/\/encuentroinformativo.com.mx\/index.php?rest_route=\/wp\/v2\/media\/65402"}],"wp:attachment":[{"href":"https:\/\/encuentroinformativo.com.mx\/index.php?rest_route=%2Fwp%2Fv2%2Fmedia&parent=65401"}],"wp:term":[{"taxonomy":"category","embeddable":true,"href":"https:\/\/encuentroinformativo.com.mx\/index.php?rest_route=%2Fwp%2Fv2%2Fcategories&post=65401"},{"taxonomy":"post_tag","embeddable":true,"href":"https:\/\/encuentroinformativo.com.mx\/index.php?rest_route=%2Fwp%2Fv2%2Ftags&post=65401"}],"curies":[{"name":"wp","href":"https:\/\/api.w.org\/{rel}","templated":true}]}}