{"id":65415,"date":"2025-04-02T09:31:04","date_gmt":"2025-04-02T15:31:04","guid":{"rendered":"https:\/\/encuentroinformativo.com.mx\/?p=65415"},"modified":"2025-04-02T09:31:04","modified_gmt":"2025-04-02T15:31:04","slug":"convoca-diputada-a-trabajar-por-una-inclusion-integral-para-las-personas-con-tea","status":"publish","type":"post","link":"https:\/\/encuentroinformativo.com.mx\/?p=65415","title":{"rendered":"Convoca diputada a trabajar por una inclusi\u00f3n integral para las personas con TEA"},"content":{"rendered":"<p><strong>* La aceptaci\u00f3n es el mayor regalo que podemos dar a alguien con autismo: Ingrid Jeny Calder\u00f3n Dom\u00ednguez.<\/strong><\/p>\n<p style=\"font-weight: 400;\">Xalapa, Ver.- Visibilizar, comprender y velar por los derechos de las personas con el Trastorno del Espectro Autista (TEA), es un compromiso que permitir\u00e1 garantizarles una vida digna y libre de discriminaci\u00f3n, expres\u00f3 la legisladora Ingrid Jeny Calder\u00f3n Dom\u00ednguez al presentar un pronunciamiento en la Tribuna del Congreso del Estado.<\/p>\n<p style=\"font-weight: 400;\">De acuerdo con datos del Consejo Nacional para el Desarrollo y la Inclusi\u00f3n de las Personas con Discapacidad, indic\u00f3 la diputada, en el \u00faltimo quinquenio se estim\u00f3 que cada a\u00f1o nacen en el pa\u00eds alrededor de 6 mil personas con esta condici\u00f3n.<\/p>\n<p style=\"font-weight: 400;\">En Veracruz, el\u00a0Informe Final sobre Infraestructura para la Atenci\u00f3n de los Trastornos del Espectro Autista en el Sistema Nacional de Salud, publicado en diciembre de 2018 por la Secretar\u00eda de Salud Federal y el Instituto Nacional de Psiquiatr\u00eda \u201cRam\u00f3n de la Fuente Mu\u00f1iz\u201d, prev\u00e9 que una poblaci\u00f3n de 27 mil 672 personas de cero a 18 a\u00f1os, fueron diagnosticadas con TEA.<\/p>\n<p style=\"font-weight: 400;\">Por su parte, la Secretar\u00eda de Educaci\u00f3n P\u00fablica (SEP) report\u00f3 que durante el ciclo escolar 2019-2020, Veracruz registr\u00f3 una matr\u00edcula de mil 647 alumnas y alumnos con TEA, atendidos en Centros de Atenci\u00f3n M\u00faltiple (CAM) y Unidades de Servicio de Apoyo a la Educaci\u00f3n Regular (USAER), siendo el mayor registro en nivel primaria con mil 072 estudiantes, seguido de secundaria con 344, preescolar con 214 y nivel inicial con 17.<\/p>\n<p style=\"font-weight: 400;\">\u201cEstos datos reflejan una gran brecha en la identificaci\u00f3n, diagn\u00f3stico y atenci\u00f3n de las personas con TEA, as\u00ed como la necesidad urgente de fortalecer la infraestructura educativa y de salud para garantizar el acceso a servicios adecuados\u201d, puntualiz\u00f3.<\/p>\n<p style=\"font-weight: 400;\">En este sentido, la diputada Calder\u00f3n Dom\u00ednguez hizo un llamado a instituciones de salud, espacios educativos, autoridades competentes y sociedad en su conjunto para fortalecer diagn\u00f3sticos tempranos, adoptar modelos de ense\u00f1anza inclusivos que respondan a las necesidades de estudiantes con TEA, dise\u00f1ar pol\u00edticas p\u00fablicas con base en la realidad y datos confiables y eliminar prejuicios para la construcci\u00f3n de una comunidad m\u00e1s emp\u00e1tica y respetuosa con la neurodiversidad.<\/p>\n<p style=\"font-weight: 400;\">\u201cEste Congreso es y seguir\u00e1 siendo un espacio abierto para todas y todos los ciudadanos. Aqu\u00ed se escucha, se legisla y se trabaja por una sociedad m\u00e1s justa, humana e incluyente. Si ense\u00f1amos a los ni\u00f1os a aceptar la diversidad como algo normal, no ser\u00e1 necesario hablar de inclusi\u00f3n, si no de convivencia\u201d, finaliz\u00f3<\/p>\n","protected":false},"excerpt":{"rendered":"<p>* La aceptaci\u00f3n es el mayor regalo que podemos dar a alguien con autismo: Ingrid Jeny Calder\u00f3n Dom\u00ednguez. Xalapa, Ver.- Visibilizar, comprender y velar por los derechos de las personas con el Trastorno del Espectro Autista (TEA), es un compromiso que permitir\u00e1 garantizarles una vida digna y libre de discriminaci\u00f3n, expres\u00f3 la legisladora Ingrid Jeny [&hellip;]<\/p>\n","protected":false},"author":2476,"featured_media":65416,"comment_status":"open","ping_status":"open","sticky":false,"template":"","format":"standard","meta":{"_jetpack_memberships_contains_paid_content":false,"footnotes":""},"categories":[2],"tags":[],"class_list":["post-65415","post","type-post","status-publish","format-standard","has-post-thumbnail","hentry","category-estado"],"jetpack_featured_media_url":"https:\/\/encuentroinformativo.com.mx\/wp-content\/uploads\/2025\/04\/NOV01ABTIL2025TEA.2.jpeg","jetpack_sharing_enabled":true,"jetpack_likes_enabled":true,"amp_enabled":true,"_links":{"self":[{"href":"https:\/\/encuentroinformativo.com.mx\/index.php?rest_route=\/wp\/v2\/posts\/65415","targetHints":{"allow":["GET"]}}],"collection":[{"href":"https:\/\/encuentroinformativo.com.mx\/index.php?rest_route=\/wp\/v2\/posts"}],"about":[{"href":"https:\/\/encuentroinformativo.com.mx\/index.php?rest_route=\/wp\/v2\/types\/post"}],"author":[{"embeddable":true,"href":"https:\/\/encuentroinformativo.com.mx\/index.php?rest_route=\/wp\/v2\/users\/2476"}],"replies":[{"embeddable":true,"href":"https:\/\/encuentroinformativo.com.mx\/index.php?rest_route=%2Fwp%2Fv2%2Fcomments&post=65415"}],"version-history":[{"count":1,"href":"https:\/\/encuentroinformativo.com.mx\/index.php?rest_route=\/wp\/v2\/posts\/65415\/revisions"}],"predecessor-version":[{"id":65417,"href":"https:\/\/encuentroinformativo.com.mx\/index.php?rest_route=\/wp\/v2\/posts\/65415\/revisions\/65417"}],"wp:featuredmedia":[{"embeddable":true,"href":"https:\/\/encuentroinformativo.com.mx\/index.php?rest_route=\/wp\/v2\/media\/65416"}],"wp:attachment":[{"href":"https:\/\/encuentroinformativo.com.mx\/index.php?rest_route=%2Fwp%2Fv2%2Fmedia&parent=65415"}],"wp:term":[{"taxonomy":"category","embeddable":true,"href":"https:\/\/encuentroinformativo.com.mx\/index.php?rest_route=%2Fwp%2Fv2%2Fcategories&post=65415"},{"taxonomy":"post_tag","embeddable":true,"href":"https:\/\/encuentroinformativo.com.mx\/index.php?rest_route=%2Fwp%2Fv2%2Ftags&post=65415"}],"curies":[{"name":"wp","href":"https:\/\/api.w.org\/{rel}","templated":true}]}}