{"id":65440,"date":"2025-04-02T13:35:11","date_gmt":"2025-04-02T19:35:11","guid":{"rendered":"https:\/\/encuentroinformativo.com.mx\/?p=65440"},"modified":"2025-04-02T13:35:11","modified_gmt":"2025-04-02T19:35:11","slug":"padres-y-docentes-deben-ser-capacitados-sobre-autismo-rosales","status":"publish","type":"post","link":"https:\/\/encuentroinformativo.com.mx\/?p=65440","title":{"rendered":"Padres y docentes deben ser capacitados sobre autismo: Rosales"},"content":{"rendered":"<p><strong>Alejandro \u00c1vila<\/strong><\/p>\n<p>Boca del R\u00edo, Ver.- La diputada local con licencia Indira Rosales San Rom\u00e1n expuso que el n\u00famero de casos de ni\u00f1os con autismo en Veracruz ha ido en aumento.<\/p>\n<p>Por lo cual es importante capacitar a padres de familia docentes y compa\u00f1eros de clase sobre el trastorno del espectro autista.<\/p>\n<p>Este 2 de abril se celebra el D\u00eda Mundial de la Concientizaci\u00f3n del Autismo; motivo por el cual la legisladora con licencia se\u00f1al\u00f3 que desde su trinchera siempre ha luchado porque se realizan acciones concretas sobre todo en las aulas educativas.<\/p>\n<p>&#8220;Creo que debemos hacer conciencia pero, sobre todo, acciones concretas porque cada vez son mayores los casos de autismo, y desafortunadamente en las escuelas a veces no se detectan a tiempo y se les trata como un ni\u00f1o que tuviera cualquier otro problema, hiperactividad, etc\u00e9tera y, necesitamos capacitar a los padres de familia, necesitamos capacitar a los profesores, y necesitamos capacitarnos a nosotros, para que nuestros hijos que conviven y tienen un compa\u00f1ero autista lo hagan sentir parte de y no lo excluyan&#8221;, subray\u00f3.<\/p>\n<p>Cabe mencionar que, el Estado de Veracruz cuenta con una Ley para la Atenci\u00f3n Intervenci\u00f3n, Protecci\u00f3n e Inclusi\u00f3n de las Personas con Trastorno del Espectro Autista, misma que fue aprobada en el 2018 y presentada en la Gaceta Oficial; lamentablemente por falta de protocolo, acci\u00f3n que tiene que realizar la Secretar\u00eda de Educaci\u00f3n de Veracruz, esta ley no es aplicada.<\/p>\n","protected":false},"excerpt":{"rendered":"<p>Alejandro \u00c1vila Boca del R\u00edo, Ver.- La diputada local con licencia Indira Rosales San Rom\u00e1n expuso que el n\u00famero de casos de ni\u00f1os con autismo en Veracruz ha ido en aumento. Por lo cual es importante capacitar a padres de familia docentes y compa\u00f1eros de clase sobre el trastorno del espectro autista. Este 2 de [&hellip;]<\/p>\n","protected":false},"author":2476,"featured_media":65441,"comment_status":"open","ping_status":"open","sticky":false,"template":"","format":"standard","meta":{"_jetpack_memberships_contains_paid_content":false,"footnotes":""},"categories":[2],"tags":[],"class_list":["post-65440","post","type-post","status-publish","format-standard","has-post-thumbnail","hentry","category-estado"],"jetpack_featured_media_url":"https:\/\/encuentroinformativo.com.mx\/wp-content\/uploads\/2025\/04\/IMG-20250402-WA0209.jpg","jetpack_sharing_enabled":true,"jetpack_likes_enabled":true,"amp_enabled":true,"_links":{"self":[{"href":"https:\/\/encuentroinformativo.com.mx\/index.php?rest_route=\/wp\/v2\/posts\/65440","targetHints":{"allow":["GET"]}}],"collection":[{"href":"https:\/\/encuentroinformativo.com.mx\/index.php?rest_route=\/wp\/v2\/posts"}],"about":[{"href":"https:\/\/encuentroinformativo.com.mx\/index.php?rest_route=\/wp\/v2\/types\/post"}],"author":[{"embeddable":true,"href":"https:\/\/encuentroinformativo.com.mx\/index.php?rest_route=\/wp\/v2\/users\/2476"}],"replies":[{"embeddable":true,"href":"https:\/\/encuentroinformativo.com.mx\/index.php?rest_route=%2Fwp%2Fv2%2Fcomments&post=65440"}],"version-history":[{"count":1,"href":"https:\/\/encuentroinformativo.com.mx\/index.php?rest_route=\/wp\/v2\/posts\/65440\/revisions"}],"predecessor-version":[{"id":65442,"href":"https:\/\/encuentroinformativo.com.mx\/index.php?rest_route=\/wp\/v2\/posts\/65440\/revisions\/65442"}],"wp:featuredmedia":[{"embeddable":true,"href":"https:\/\/encuentroinformativo.com.mx\/index.php?rest_route=\/wp\/v2\/media\/65441"}],"wp:attachment":[{"href":"https:\/\/encuentroinformativo.com.mx\/index.php?rest_route=%2Fwp%2Fv2%2Fmedia&parent=65440"}],"wp:term":[{"taxonomy":"category","embeddable":true,"href":"https:\/\/encuentroinformativo.com.mx\/index.php?rest_route=%2Fwp%2Fv2%2Fcategories&post=65440"},{"taxonomy":"post_tag","embeddable":true,"href":"https:\/\/encuentroinformativo.com.mx\/index.php?rest_route=%2Fwp%2Fv2%2Ftags&post=65440"}],"curies":[{"name":"wp","href":"https:\/\/api.w.org\/{rel}","templated":true}]}}