{"id":65444,"date":"2025-04-02T14:31:26","date_gmt":"2025-04-02T20:31:26","guid":{"rendered":"https:\/\/encuentroinformativo.com.mx\/?p=65444"},"modified":"2025-04-02T14:31:26","modified_gmt":"2025-04-02T20:31:26","slug":"este-jueves-partira-el-buque-rcc-africa-hacia-los-puertos-del-atlantico-con-900-unidades-vehiculares","status":"publish","type":"post","link":"https:\/\/encuentroinformativo.com.mx\/?p=65444","title":{"rendered":"Este jueves partir\u00e1 el buque RCC \u00c1frica hacia los Puertos del Atl\u00e1ntico con 900 unidades vehiculares\u00a0"},"content":{"rendered":"<p><strong>* Con ello se activa el Corredor Interoce\u00e1nico del Istmo de Tehuantepec, proyecto insignia del ex presidente Andr\u00e9s Manuel L\u00f3pez Obrador.<\/strong><\/p>\n<p><strong>* La llegada de dicha embarcaci\u00f3n gener\u00f3 gran expectaci\u00f3n entre los porte\u00f1os.<\/strong><\/p>\n<p><strong>Fluvio C\u00e9sar Mart\u00ednez<\/strong><\/p>\n<p><strong>Foto:<\/strong> Emmanuel P\u00e9rez Peto\/Cortes\u00eda<\/p>\n<p>Coatzacoalcos, Ver.- Tras su arribo al Puerto de Coatzacoalcos, autoridades federales confirmaron que el Buque RCC \u00c1frica, partir\u00e1 hacia los puertos del Atl\u00e1ntico este jueves tres de abril, cargado con 900 unidades de la empresa Hyundai, manufacturados en Corea del Sur, como parte de la puesta en marcha del Corredor Interoce\u00e1nico del Istmo de Tehuantepec, uno de los proyectos insignias del sexenio de Andr\u00e9s Manuel L\u00f3pez Obrador.<\/p>\n<p>La embarcaci\u00f3n con bandera de Bahamas, arrib\u00f3 a este Puerto durante la ma\u00f1ana de este mi\u00e9rcoles, para ser precisos a las seis horas, causando gran expectaci\u00f3n entre los habitantes quienes no dudaron en captar el momento en que transitaba por el canal de navegaci\u00f3n. Su destino es el muelle 5 de la Terminal Log\u00edstica Pajaritos, donde ser\u00e1n subidas las unidades.<\/p>\n<p>\u201cAl d\u00eda ya est\u00e1n esos 900 veh\u00edculos posicionados en el Puerto de Coatzacoalcos y el d\u00eda de ma\u00f1ana se\u00f1ora presidenta, se har\u00e1 el zarpe de otro buque ya de lado del Atl\u00e1ntico, con destino a diferentes puertos del Atl\u00e1ntico. El d\u00eda de ma\u00f1ana si Dios quiere, tenemos el momento hist\u00f3rico de llevar 900 veh\u00edculos a diferentes puertos del Atl\u00e1ntico\u201d, confirm\u00f3 el vicealmirante Juan Carlos Vera Mijares, director del Corredor Interoce\u00e1nico, durante su participaci\u00f3n en la conferencia ma\u00f1anera donde acompa\u00f1\u00f3 a la presidenta Claudia Sheinbaum.<\/p>\n<p>Autoridades estatales y federales, han resaltado la importancia de este traslado que marca el inicio del Corredor Interoce\u00e1nico, cuyo objetivo es acrecentar la econom\u00eda del sureste mexicano, al conectar a los puertos de Salina Cruz en Oaxaca, con el de Coatzacoalcos en Veracruz, por ferrocarril y a los puertos del Pacifico con el Atl\u00e1ntico.<\/p>\n<p>Los autom\u00f3viles de Hyundai llegaron la semana al puerto de Salina Cruz a bordo del buque carguero \u201cGlovis\u201d, como parte de la primera prueba piloto del Corredor Interoce\u00e1nico y el pasado s\u00e1bado 29 de marzo sali\u00f3 el cargamento de estas unidades desde territorio oaxaque\u00f1o hacia Coatzacoalcos a bordo de varios vagones \u201cBIMAX\u201d del Ferrocarril del Istmo de Tehuantepec.<\/p>\n<p>El domingo por la ma\u00f1ana se realiz\u00f3 el descenso de todas unidades hacia los patios del recinto portuario de Coatzacoalcos, y se espera que en el transcurso de este mi\u00e9rcoles inician con las operaciones para el embarque de todos los carros hacia el \u201cRCC \u00c1frica\u201d.<\/p>\n<p>La embarcaci\u00f3n de gran calado, es un buque porta veh\u00edculos que navega bajo bandera de Bahamas, Su eslora total (LOA) es de 199,98 metros y su manga, de 32,4 metros.<\/p>\n","protected":false},"excerpt":{"rendered":"<p>* Con ello se activa el Corredor Interoce\u00e1nico del Istmo de Tehuantepec, proyecto insignia del ex presidente Andr\u00e9s Manuel L\u00f3pez Obrador. * La llegada de dicha embarcaci\u00f3n gener\u00f3 gran expectaci\u00f3n entre los porte\u00f1os. Fluvio C\u00e9sar Mart\u00ednez Foto: Emmanuel P\u00e9rez Peto\/Cortes\u00eda Coatzacoalcos, Ver.- Tras su arribo al Puerto de Coatzacoalcos, autoridades federales confirmaron que el Buque [&hellip;]<\/p>\n","protected":false},"author":2476,"featured_media":65445,"comment_status":"open","ping_status":"open","sticky":false,"template":"","format":"standard","meta":{"_jetpack_memberships_contains_paid_content":false,"footnotes":""},"categories":[2],"tags":[],"class_list":["post-65444","post","type-post","status-publish","format-standard","has-post-thumbnail","hentry","category-estado"],"jetpack_featured_media_url":"https:\/\/encuentroinformativo.com.mx\/wp-content\/uploads\/2025\/04\/IMG-20250402-WA0076.jpg","jetpack_sharing_enabled":true,"jetpack_likes_enabled":true,"amp_enabled":true,"_links":{"self":[{"href":"https:\/\/encuentroinformativo.com.mx\/index.php?rest_route=\/wp\/v2\/posts\/65444","targetHints":{"allow":["GET"]}}],"collection":[{"href":"https:\/\/encuentroinformativo.com.mx\/index.php?rest_route=\/wp\/v2\/posts"}],"about":[{"href":"https:\/\/encuentroinformativo.com.mx\/index.php?rest_route=\/wp\/v2\/types\/post"}],"author":[{"embeddable":true,"href":"https:\/\/encuentroinformativo.com.mx\/index.php?rest_route=\/wp\/v2\/users\/2476"}],"replies":[{"embeddable":true,"href":"https:\/\/encuentroinformativo.com.mx\/index.php?rest_route=%2Fwp%2Fv2%2Fcomments&post=65444"}],"version-history":[{"count":2,"href":"https:\/\/encuentroinformativo.com.mx\/index.php?rest_route=\/wp\/v2\/posts\/65444\/revisions"}],"predecessor-version":[{"id":65447,"href":"https:\/\/encuentroinformativo.com.mx\/index.php?rest_route=\/wp\/v2\/posts\/65444\/revisions\/65447"}],"wp:featuredmedia":[{"embeddable":true,"href":"https:\/\/encuentroinformativo.com.mx\/index.php?rest_route=\/wp\/v2\/media\/65445"}],"wp:attachment":[{"href":"https:\/\/encuentroinformativo.com.mx\/index.php?rest_route=%2Fwp%2Fv2%2Fmedia&parent=65444"}],"wp:term":[{"taxonomy":"category","embeddable":true,"href":"https:\/\/encuentroinformativo.com.mx\/index.php?rest_route=%2Fwp%2Fv2%2Fcategories&post=65444"},{"taxonomy":"post_tag","embeddable":true,"href":"https:\/\/encuentroinformativo.com.mx\/index.php?rest_route=%2Fwp%2Fv2%2Ftags&post=65444"}],"curies":[{"name":"wp","href":"https:\/\/api.w.org\/{rel}","templated":true}]}}