{"id":65448,"date":"2025-04-02T16:38:44","date_gmt":"2025-04-02T22:38:44","guid":{"rendered":"https:\/\/encuentroinformativo.com.mx\/?p=65448"},"modified":"2025-04-02T16:38:44","modified_gmt":"2025-04-02T22:38:44","slug":"conmemoran-dia-del-autismo-en-el-parque-juarez","status":"publish","type":"post","link":"https:\/\/encuentroinformativo.com.mx\/?p=65448","title":{"rendered":"Conmemoran D\u00eda del Autismo en el parque Ju\u00e1rez"},"content":{"rendered":"<p><strong>Dar\u00edo Pale<\/strong><\/p>\n<p>Xalapa, Ver.- Con la finalidad de conmemorar el d\u00eda del autismo un grupo de personas del Centro de Atenci\u00f3n M\u00faltiple CAM-68 se reunieron en el parque Ju\u00e1rez, al igual que estudiantes de la Universidad Veracruzana donde realizar\u00e1n una intervenci\u00f3n urbana.<\/p>\n<p>Primero arribaron aproximadamente 45 personas entre adultos y ni\u00f1os con la finalidad de conmemorar el \u201cD\u00eda del autismo\u201d, donde realizaran diferentes actividades.<\/p>\n<p>Cabe recordar que, se celebra anualmente desde 2008 el 2 de abril, la elecci\u00f3n de esta fecha tiene como finalidad sensibilizar a la poblaci\u00f3n mundial sobre el autismo, una condici\u00f3n neurol\u00f3gica permanente que se manifiesta desde la primera infancia y busca tambi\u00e9n enfatizar la necesidad de ayudar a mejorar la calidad de vida de las personas con autismo para que puedan llevar una vida plena y significativa como parte integral de la sociedad.<\/p>\n<p>Desde su primera conmemoraci\u00f3n, este d\u00eda ha servido para destacar las contribuciones de las personas con autismo en diversos \u00e1mbitos de la sociedad, como el hogar, el trabajo, las artes y la elaboraci\u00f3n de pol\u00edticas, a pesar de los avances en la concienciaci\u00f3n y aceptaci\u00f3n del autismo, las personas con TEA contin\u00faan enfrentando desaf\u00edos significativos, incluida la discriminaci\u00f3n, lo que subraya la importancia de la observancia de este d\u00eda.<\/p>\n<p>Por otra parte los estudiantes de la UV, llevan a cabo una muestra de de \u201cIntervenci\u00f3n Urbana\u201d, para lo cual asisten de los estados de Puebla, Veracruz y la Ciudad de M\u00e9xico quienes estar\u00e1n realizando exposiciones propias de su carrera universitaria.<\/p>\n<p>Finalmente comentaron que, \u201cvamos a estar aqu\u00ed en algunos puntos del Parque Ju\u00e1rez mostrando algunas exposiciones por parte de los alumnos de la facultad, \u201cMuestra de Intervenci\u00f3n Urbana, la facultad de aqu\u00ed, de la Universidad Veracruzana de Xalapa, como de la Universidad de Puebla, son varios, de todo M\u00e9xico\u201d.<\/p>\n","protected":false},"excerpt":{"rendered":"<p>Dar\u00edo Pale Xalapa, Ver.- Con la finalidad de conmemorar el d\u00eda del autismo un grupo de personas del Centro de Atenci\u00f3n M\u00faltiple CAM-68 se reunieron en el parque Ju\u00e1rez, al igual que estudiantes de la Universidad Veracruzana donde realizar\u00e1n una intervenci\u00f3n urbana. Primero arribaron aproximadamente 45 personas entre adultos y ni\u00f1os con la finalidad de [&hellip;]<\/p>\n","protected":false},"author":2476,"featured_media":65449,"comment_status":"open","ping_status":"open","sticky":false,"template":"","format":"standard","meta":{"_jetpack_memberships_contains_paid_content":false,"footnotes":""},"categories":[2],"tags":[],"class_list":["post-65448","post","type-post","status-publish","format-standard","has-post-thumbnail","hentry","category-estado"],"jetpack_featured_media_url":"https:\/\/encuentroinformativo.com.mx\/wp-content\/uploads\/2025\/04\/IMG-20250402-WA0343-scaled.jpg","jetpack_sharing_enabled":true,"jetpack_likes_enabled":true,"amp_enabled":true,"_links":{"self":[{"href":"https:\/\/encuentroinformativo.com.mx\/index.php?rest_route=\/wp\/v2\/posts\/65448","targetHints":{"allow":["GET"]}}],"collection":[{"href":"https:\/\/encuentroinformativo.com.mx\/index.php?rest_route=\/wp\/v2\/posts"}],"about":[{"href":"https:\/\/encuentroinformativo.com.mx\/index.php?rest_route=\/wp\/v2\/types\/post"}],"author":[{"embeddable":true,"href":"https:\/\/encuentroinformativo.com.mx\/index.php?rest_route=\/wp\/v2\/users\/2476"}],"replies":[{"embeddable":true,"href":"https:\/\/encuentroinformativo.com.mx\/index.php?rest_route=%2Fwp%2Fv2%2Fcomments&post=65448"}],"version-history":[{"count":1,"href":"https:\/\/encuentroinformativo.com.mx\/index.php?rest_route=\/wp\/v2\/posts\/65448\/revisions"}],"predecessor-version":[{"id":65450,"href":"https:\/\/encuentroinformativo.com.mx\/index.php?rest_route=\/wp\/v2\/posts\/65448\/revisions\/65450"}],"wp:featuredmedia":[{"embeddable":true,"href":"https:\/\/encuentroinformativo.com.mx\/index.php?rest_route=\/wp\/v2\/media\/65449"}],"wp:attachment":[{"href":"https:\/\/encuentroinformativo.com.mx\/index.php?rest_route=%2Fwp%2Fv2%2Fmedia&parent=65448"}],"wp:term":[{"taxonomy":"category","embeddable":true,"href":"https:\/\/encuentroinformativo.com.mx\/index.php?rest_route=%2Fwp%2Fv2%2Fcategories&post=65448"},{"taxonomy":"post_tag","embeddable":true,"href":"https:\/\/encuentroinformativo.com.mx\/index.php?rest_route=%2Fwp%2Fv2%2Ftags&post=65448"}],"curies":[{"name":"wp","href":"https:\/\/api.w.org\/{rel}","templated":true}]}}