{"id":65455,"date":"2025-04-02T16:56:32","date_gmt":"2025-04-02T22:56:32","guid":{"rendered":"https:\/\/encuentroinformativo.com.mx\/?p=65455"},"modified":"2025-04-02T16:56:32","modified_gmt":"2025-04-02T22:56:32","slug":"detras-de-mi-esta-el-pueblo-no-estoy-sola-rosa-maria-hernandez","status":"publish","type":"post","link":"https:\/\/encuentroinformativo.com.mx\/?p=65455","title":{"rendered":"Detr\u00e1s de m\u00ed est\u00e1 el pueblo no estoy sola: Rosa Mar\u00eda Hern\u00e1ndez"},"content":{"rendered":"<p><strong>Alejandro \u00c1vila<\/strong><\/p>\n<p>Veracruz, Ver.- &#8220;Tengo toda la confianza porque detr\u00e1s de m\u00ed est\u00e1 el pueblo, no estoy sola&#8221;, fueron las palabras de la diputada federal con licencia, Rosa Mar\u00eda Hern\u00e1ndez Espejo, qui\u00e9n la tarde de este mi\u00e9rcoles 2 de marzo se registr\u00f3 ante el OPLE como candidata a la alcald\u00eda de Veracruz por Morena.<\/p>\n<p>La comunicadora de profesi\u00f3n estuvo acompa\u00f1ada de militantes de Morena y del Verde Ecologista, adem\u00e1s de sindicatos y l\u00edderes de colonias; en breve entrevista asegur\u00f3 que es tiempo de mujeres, pero de mujeres transformadoras.<\/p>\n<p>&#8220;Es tiempo de mujeres, pero de mujeres transformadoras que somos las mujeres que damos resultados y que verdaderamente trabajamos por el pueblo&#8221;, se\u00f1al\u00f3.<\/p>\n<p>Finalmente expuso ante los medios de comunicaci\u00f3n que Morena es la opci\u00f3n que el municipio de Veracruz necesita para darle bienestar a las familias y sacar a la ciudad del rezago en el que se encuentra.<\/p>\n<p>&#8220;Hoy Morena es la opci\u00f3n para los veracruzanos, para cambiar las cosas, para rescatar la ciudad y sobre todo, para traer bienestar a las familias, transformar Veracruz, sacarla del atraso, devolverle la dignidad a las porte\u00f1as y los porte\u00f1os&#8221;, culmin\u00f3.<\/p>\n","protected":false},"excerpt":{"rendered":"<p>Alejandro \u00c1vila Veracruz, Ver.- &#8220;Tengo toda la confianza porque detr\u00e1s de m\u00ed est\u00e1 el pueblo, no estoy sola&#8221;, fueron las palabras de la diputada federal con licencia, Rosa Mar\u00eda Hern\u00e1ndez Espejo, qui\u00e9n la tarde de este mi\u00e9rcoles 2 de marzo se registr\u00f3 ante el OPLE como candidata a la alcald\u00eda de Veracruz por Morena. La [&hellip;]<\/p>\n","protected":false},"author":2476,"featured_media":65456,"comment_status":"open","ping_status":"open","sticky":false,"template":"","format":"standard","meta":{"_jetpack_memberships_contains_paid_content":false,"footnotes":""},"categories":[2],"tags":[],"class_list":["post-65455","post","type-post","status-publish","format-standard","has-post-thumbnail","hentry","category-estado"],"jetpack_featured_media_url":"https:\/\/encuentroinformativo.com.mx\/wp-content\/uploads\/2025\/04\/IMG-20250402-WA0379-scaled.jpg","jetpack_sharing_enabled":true,"jetpack_likes_enabled":true,"amp_enabled":true,"_links":{"self":[{"href":"https:\/\/encuentroinformativo.com.mx\/index.php?rest_route=\/wp\/v2\/posts\/65455","targetHints":{"allow":["GET"]}}],"collection":[{"href":"https:\/\/encuentroinformativo.com.mx\/index.php?rest_route=\/wp\/v2\/posts"}],"about":[{"href":"https:\/\/encuentroinformativo.com.mx\/index.php?rest_route=\/wp\/v2\/types\/post"}],"author":[{"embeddable":true,"href":"https:\/\/encuentroinformativo.com.mx\/index.php?rest_route=\/wp\/v2\/users\/2476"}],"replies":[{"embeddable":true,"href":"https:\/\/encuentroinformativo.com.mx\/index.php?rest_route=%2Fwp%2Fv2%2Fcomments&post=65455"}],"version-history":[{"count":1,"href":"https:\/\/encuentroinformativo.com.mx\/index.php?rest_route=\/wp\/v2\/posts\/65455\/revisions"}],"predecessor-version":[{"id":65457,"href":"https:\/\/encuentroinformativo.com.mx\/index.php?rest_route=\/wp\/v2\/posts\/65455\/revisions\/65457"}],"wp:featuredmedia":[{"embeddable":true,"href":"https:\/\/encuentroinformativo.com.mx\/index.php?rest_route=\/wp\/v2\/media\/65456"}],"wp:attachment":[{"href":"https:\/\/encuentroinformativo.com.mx\/index.php?rest_route=%2Fwp%2Fv2%2Fmedia&parent=65455"}],"wp:term":[{"taxonomy":"category","embeddable":true,"href":"https:\/\/encuentroinformativo.com.mx\/index.php?rest_route=%2Fwp%2Fv2%2Fcategories&post=65455"},{"taxonomy":"post_tag","embeddable":true,"href":"https:\/\/encuentroinformativo.com.mx\/index.php?rest_route=%2Fwp%2Fv2%2Ftags&post=65455"}],"curies":[{"name":"wp","href":"https:\/\/api.w.org\/{rel}","templated":true}]}}