{"id":65484,"date":"2025-04-04T09:12:03","date_gmt":"2025-04-04T15:12:03","guid":{"rendered":"https:\/\/encuentroinformativo.com.mx\/?p=65484"},"modified":"2025-04-04T09:12:03","modified_gmt":"2025-04-04T15:12:03","slug":"acoso-en-salud","status":"publish","type":"post","link":"https:\/\/encuentroinformativo.com.mx\/?p=65484","title":{"rendered":"ACOSO EN SALUD"},"content":{"rendered":"<p><strong>Los Pol\u00edticos<\/strong><\/p>\n<p><strong>Salvador Mu\u00f1oz<\/strong><\/p>\n<p>Yo espero que no, que nunca, que jam\u00e1s, a Roc\u00edo Nahle, conste, no la Gobernadora, alguien se haya atrevido a pedirle \u201cmoche\u201d de su n\u00f3mina.<\/p>\n<p>S\u00ed, lamentablemente es una pr\u00e1ctica com\u00fan y muy corriente en las oficinas gubernamentales\u2026<br \/>\nTodav\u00eda hasta el pasado gobierno, en la secretar\u00eda de Turismo, a una conocida le aplicaron la tajada de su sueldo\u2026 y cuando con el nuevo gobierno se pensaba que esto era ya cosa del pasado, no\u2026 se mantiene\u2026 ah\u00ed est\u00e1 vigente, latente, resisti\u00e9ndose a dos esencias que impulsa el Gobierno de Nahle: Honestidad y Mujeres.<\/p>\n<p>Aqu\u00ed no son empleadas o empleados los que se quejan del actuar del jefe de Prensa de la Secretar\u00eda de Salud, Francisco Res\u00e9ndiz; aparte de ello, son amigos, conocidos, de quienes sabemos de su profesionalismo y entrega cuando se trata de trabajo.<\/p>\n<p>Fueron despedidos por el Jefe de Prensa, Francisco Res\u00e9ndiz, porque se negaron a dar \u201cel moche\u201d de la n\u00f3mina, as\u00ed, en abierto, a lo cara de perro, y como le dijeron que no, la pasada semana les dio las gracias.<\/p>\n<p>El asunto no concluye all\u00ed\u2026 a las mujeres que laboraban, las indicaciones fueron tres cositas:<br \/>\nAdem\u00e1s de la mitad de la n\u00f3mina, la orden era entregarle los vi\u00e1ticos \u00a1y llevar a las giras traje de ba\u00f1o!<br \/>\nAh! Y si se pregunta de d\u00f3nde sali\u00f3 Francisco Res\u00e9ndiz, pues de la Ciudad de M\u00e9xico\u2026 \u00bfC\u00f3mo lleg\u00f3 a Veracruz?<\/p>\n<p>No por el titular de Salud, Valent\u00edn Herrera Alarc\u00f3n, sino por Juan Pablo Uribe, quien funge como \u201cEncargado del \u00c1rea de Apoyo del Director General\u201d&#8230; as\u00ed dice el Directorio.<\/p>\n<p>A Juan Pablo lo trajo el titular de Salud, Valent\u00edn Herrera; Juan Pablo trajo a Francisco Res\u00e9ndiz, a quien entre las despedidas se\u00f1alan por violencia de g\u00e9nero y acoso laboral.<\/p>\n<p>Y si bien, Francisco Res\u00e9ndiz ya se escud\u00f3 diciendo que no hubo despidos, sino fin de contrato, pues qu\u00e9 creen\u2026 le est\u00e1n mintiendo al secretario de Salud\u2026<\/p>\n","protected":false},"excerpt":{"rendered":"<p>Los Pol\u00edticos Salvador Mu\u00f1oz Yo espero que no, que nunca, que jam\u00e1s, a Roc\u00edo Nahle, conste, no la Gobernadora, alguien se haya atrevido a pedirle \u201cmoche\u201d de su n\u00f3mina. S\u00ed, lamentablemente es una pr\u00e1ctica com\u00fan y muy corriente en las oficinas gubernamentales\u2026 Todav\u00eda hasta el pasado gobierno, en la secretar\u00eda de Turismo, a una conocida [&hellip;]<\/p>\n","protected":false},"author":2476,"featured_media":387,"comment_status":"open","ping_status":"open","sticky":false,"template":"","format":"standard","meta":{"_jetpack_memberships_contains_paid_content":false,"footnotes":""},"categories":[11],"tags":[],"class_list":["post-65484","post","type-post","status-publish","format-standard","has-post-thumbnail","hentry","category-opinion"],"jetpack_featured_media_url":"https:\/\/encuentroinformativo.com.mx\/wp-content\/uploads\/2020\/03\/7CF8A22B-2764-47BE-8F7F-38FE9E5D6A2F.jpeg","jetpack_sharing_enabled":true,"jetpack_likes_enabled":true,"amp_enabled":true,"_links":{"self":[{"href":"https:\/\/encuentroinformativo.com.mx\/index.php?rest_route=\/wp\/v2\/posts\/65484","targetHints":{"allow":["GET"]}}],"collection":[{"href":"https:\/\/encuentroinformativo.com.mx\/index.php?rest_route=\/wp\/v2\/posts"}],"about":[{"href":"https:\/\/encuentroinformativo.com.mx\/index.php?rest_route=\/wp\/v2\/types\/post"}],"author":[{"embeddable":true,"href":"https:\/\/encuentroinformativo.com.mx\/index.php?rest_route=\/wp\/v2\/users\/2476"}],"replies":[{"embeddable":true,"href":"https:\/\/encuentroinformativo.com.mx\/index.php?rest_route=%2Fwp%2Fv2%2Fcomments&post=65484"}],"version-history":[{"count":1,"href":"https:\/\/encuentroinformativo.com.mx\/index.php?rest_route=\/wp\/v2\/posts\/65484\/revisions"}],"predecessor-version":[{"id":65485,"href":"https:\/\/encuentroinformativo.com.mx\/index.php?rest_route=\/wp\/v2\/posts\/65484\/revisions\/65485"}],"wp:featuredmedia":[{"embeddable":true,"href":"https:\/\/encuentroinformativo.com.mx\/index.php?rest_route=\/wp\/v2\/media\/387"}],"wp:attachment":[{"href":"https:\/\/encuentroinformativo.com.mx\/index.php?rest_route=%2Fwp%2Fv2%2Fmedia&parent=65484"}],"wp:term":[{"taxonomy":"category","embeddable":true,"href":"https:\/\/encuentroinformativo.com.mx\/index.php?rest_route=%2Fwp%2Fv2%2Fcategories&post=65484"},{"taxonomy":"post_tag","embeddable":true,"href":"https:\/\/encuentroinformativo.com.mx\/index.php?rest_route=%2Fwp%2Fv2%2Ftags&post=65484"}],"curies":[{"name":"wp","href":"https:\/\/api.w.org\/{rel}","templated":true}]}}