{"id":65504,"date":"2025-04-04T12:59:44","date_gmt":"2025-04-04T18:59:44","guid":{"rendered":"https:\/\/encuentroinformativo.com.mx\/?p=65504"},"modified":"2025-04-04T12:59:44","modified_gmt":"2025-04-04T18:59:44","slug":"avance-significativo-aprobacion-de-identidad-de-genero-autopercibida-movit","status":"publish","type":"post","link":"https:\/\/encuentroinformativo.com.mx\/?p=65504","title":{"rendered":"Avance significativo aprobaci\u00f3n de identidad de g\u00e9nero autopercibida: MOVIT"},"content":{"rendered":"<p><strong>Alejandro \u00c1vila<\/strong><\/p>\n<p>Veracruz, Ver.- Vianey Jeffrey, presidenta de la Asociaci\u00f3n &#8220;Movimiento de Inclusi\u00f3n Trans&#8221; celebr\u00f3 la aprobaci\u00f3n en el Congreso de Veracruz de la Reforma al C\u00f3digo Civil para que sea reconocida la identidad de g\u00e9nero autopercibida, pues consider\u00f3 es un avance significativo para el reconocimiento de los derechos de las personas trans en Veracruz.<\/p>\n<p>Si bien dijo no se erradica la discriminaci\u00f3n si se genera un nuevo marco legal para proteger las identidades.<\/p>\n<p>&#8220;Este tipo de reformas eliminan barreras burocr\u00e1ticas y reconocen la dignidad de quienes han luchado por su derecho a existir sin condiciones. Sin embargo, por s\u00ed solas no erradican la discriminaci\u00f3n ni el estigma, aunque s\u00ed generan un marco legal que protege y legitima nuestras identidades. Para combatir realmente la discriminaci\u00f3n, es necesario que la implementaci\u00f3n de la reforma se d\u00e9 sin obst\u00e1culos administrativos ni resistencias institucionales&#8221;, expres\u00f3.<\/p>\n<p>En ese sentido, expuso que las siguientes acciones como Asociaci\u00f3n Civil, ser\u00e1 asegurarse de que los tr\u00e1mites se realicen conforme a lo establecido en la ley y sin revictimizaci\u00f3n.<\/p>\n<p>&#8220;Tambi\u00e9n es crucial impulsar campa\u00f1as de sensibilizaci\u00f3n para que la sociedad comprenda el impacto positivo de esta reforma y se reduzca el rechazo social. Adem\u00e1s de dar seguimiento a los tr\u00e1mites, debemos seguir luchando por la abolici\u00f3n de las terapias de conversi\u00f3n, que siguen siendo una forma de violencia brutal contra nuestra comunidad. Asimismo, fortalecer las leyes para la inclusi\u00f3n laboral de personas LGBT es esencial, ya que la identidad legal no garantiza por s\u00ed misma el acceso a oportunidades dignas&#8221;, agreg\u00f3.<\/p>\n<p>Finalmente, mencion\u00f3 que para los interesados en tramitar su cambio de identidad de g\u00e9nero, el apoyo puede darse desde la asesor\u00eda legal y el acompa\u00f1amiento en el proceso, hasta la presi\u00f3n en caso de que las autoridades impongan trabas indebidas; al tiempo que aclar\u00f3, tambi\u00e9n es importante brindar apoyo emocional, porque aunque la ley haya cambiado, sabemos que el contexto social sigue siendo complicado.<\/p>\n","protected":false},"excerpt":{"rendered":"<p>Alejandro \u00c1vila Veracruz, Ver.- Vianey Jeffrey, presidenta de la Asociaci\u00f3n &#8220;Movimiento de Inclusi\u00f3n Trans&#8221; celebr\u00f3 la aprobaci\u00f3n en el Congreso de Veracruz de la Reforma al C\u00f3digo Civil para que sea reconocida la identidad de g\u00e9nero autopercibida, pues consider\u00f3 es un avance significativo para el reconocimiento de los derechos de las personas trans en Veracruz. [&hellip;]<\/p>\n","protected":false},"author":2476,"featured_media":65505,"comment_status":"open","ping_status":"open","sticky":false,"template":"","format":"standard","meta":{"_jetpack_memberships_contains_paid_content":false,"footnotes":""},"categories":[2],"tags":[],"class_list":["post-65504","post","type-post","status-publish","format-standard","has-post-thumbnail","hentry","category-estado"],"jetpack_featured_media_url":"https:\/\/encuentroinformativo.com.mx\/wp-content\/uploads\/2025\/04\/IMG-20250404-WA0116.jpg","jetpack_sharing_enabled":true,"jetpack_likes_enabled":true,"amp_enabled":true,"_links":{"self":[{"href":"https:\/\/encuentroinformativo.com.mx\/index.php?rest_route=\/wp\/v2\/posts\/65504","targetHints":{"allow":["GET"]}}],"collection":[{"href":"https:\/\/encuentroinformativo.com.mx\/index.php?rest_route=\/wp\/v2\/posts"}],"about":[{"href":"https:\/\/encuentroinformativo.com.mx\/index.php?rest_route=\/wp\/v2\/types\/post"}],"author":[{"embeddable":true,"href":"https:\/\/encuentroinformativo.com.mx\/index.php?rest_route=\/wp\/v2\/users\/2476"}],"replies":[{"embeddable":true,"href":"https:\/\/encuentroinformativo.com.mx\/index.php?rest_route=%2Fwp%2Fv2%2Fcomments&post=65504"}],"version-history":[{"count":1,"href":"https:\/\/encuentroinformativo.com.mx\/index.php?rest_route=\/wp\/v2\/posts\/65504\/revisions"}],"predecessor-version":[{"id":65506,"href":"https:\/\/encuentroinformativo.com.mx\/index.php?rest_route=\/wp\/v2\/posts\/65504\/revisions\/65506"}],"wp:featuredmedia":[{"embeddable":true,"href":"https:\/\/encuentroinformativo.com.mx\/index.php?rest_route=\/wp\/v2\/media\/65505"}],"wp:attachment":[{"href":"https:\/\/encuentroinformativo.com.mx\/index.php?rest_route=%2Fwp%2Fv2%2Fmedia&parent=65504"}],"wp:term":[{"taxonomy":"category","embeddable":true,"href":"https:\/\/encuentroinformativo.com.mx\/index.php?rest_route=%2Fwp%2Fv2%2Fcategories&post=65504"},{"taxonomy":"post_tag","embeddable":true,"href":"https:\/\/encuentroinformativo.com.mx\/index.php?rest_route=%2Fwp%2Fv2%2Ftags&post=65504"}],"curies":[{"name":"wp","href":"https:\/\/api.w.org\/{rel}","templated":true}]}}