{"id":65510,"date":"2025-04-04T14:43:30","date_gmt":"2025-04-04T20:43:30","guid":{"rendered":"https:\/\/encuentroinformativo.com.mx\/?p=65510"},"modified":"2025-04-04T14:43:30","modified_gmt":"2025-04-04T20:43:30","slug":"siempre-no-sin-casos-de-sarampion-en-xalapa","status":"publish","type":"post","link":"https:\/\/encuentroinformativo.com.mx\/?p=65510","title":{"rendered":"\u00a1Siempre no! Sin casos de sarampi\u00f3n en Xalapa"},"content":{"rendered":"<p><strong>Dar\u00edo Pale<\/strong><\/p>\n<p>Xalapa, Ver.- De acuerdo a los Servicios de Salud de Veracruz aclar\u00f3 que no hay casos de sarampi\u00f3n en esta capital, as\u00ed lo dio a conocer la directora de Salud municipal en Xalapa, Olga Alarc\u00f3n Ricardez.<\/p>\n<p>Este viernes precis\u00f3 que de acuerdo a los Servicios de Salud de Veracruz, es decir, a la Secretar\u00eda de Salud en el estado, no hay ning\u00fan caso de esta enfermedad como resultado de la vacunaci\u00f3n que se ha realizado previo al brote que actualmente hay en el pa\u00eds.<\/p>\n<p>&#8220;Por medio de SESVER nos han informado que gracias a la vacuna que se ha puesto a los reci\u00e9n nacidos, no tenemos casos de sarampi\u00f3n&#8221;, se\u00f1al\u00f3.<\/p>\n<p>Explic\u00f3 que en entrevista realizada el jueves pasado en palacio municipal, se refiri\u00f3 a casos de tosferina y precis\u00f3 que de esta enfermedad han habido ya 12 casos a nivel estatal.<\/p>\n<p>&#8220;Lo que s\u00ed se coment\u00f3 ayer es que hubo 12 casos de tosferina y ah\u00ed fue donde hubo la confusi\u00f3n&#8221;, coment\u00f3.<\/p>\n<p>Finalmente por tal motivo recomend\u00f3 acudir a recibir atenci\u00f3n m\u00e9dica ante cualquier s\u00edntoma de tos: &#8220;Si alguien tiene tos, no est\u00e1 dem\u00e1s que acuda a su centro de salud para realizarse alg\u00fan estudio, un an\u00e1lisis y descartar o saber en realidad a qu\u00e9 se debe esa tos&#8221;.<\/p>\n","protected":false},"excerpt":{"rendered":"<p>Dar\u00edo Pale Xalapa, Ver.- De acuerdo a los Servicios de Salud de Veracruz aclar\u00f3 que no hay casos de sarampi\u00f3n en esta capital, as\u00ed lo dio a conocer la directora de Salud municipal en Xalapa, Olga Alarc\u00f3n Ricardez. Este viernes precis\u00f3 que de acuerdo a los Servicios de Salud de Veracruz, es decir, a la [&hellip;]<\/p>\n","protected":false},"author":2476,"featured_media":65511,"comment_status":"open","ping_status":"open","sticky":false,"template":"","format":"standard","meta":{"_jetpack_memberships_contains_paid_content":false,"footnotes":""},"categories":[9],"tags":[],"class_list":["post-65510","post","type-post","status-publish","format-standard","has-post-thumbnail","hentry","category-salud"],"jetpack_featured_media_url":"https:\/\/encuentroinformativo.com.mx\/wp-content\/uploads\/2025\/04\/IMG-20250404-WA01282.jpg","jetpack_sharing_enabled":true,"jetpack_likes_enabled":true,"amp_enabled":true,"_links":{"self":[{"href":"https:\/\/encuentroinformativo.com.mx\/index.php?rest_route=\/wp\/v2\/posts\/65510","targetHints":{"allow":["GET"]}}],"collection":[{"href":"https:\/\/encuentroinformativo.com.mx\/index.php?rest_route=\/wp\/v2\/posts"}],"about":[{"href":"https:\/\/encuentroinformativo.com.mx\/index.php?rest_route=\/wp\/v2\/types\/post"}],"author":[{"embeddable":true,"href":"https:\/\/encuentroinformativo.com.mx\/index.php?rest_route=\/wp\/v2\/users\/2476"}],"replies":[{"embeddable":true,"href":"https:\/\/encuentroinformativo.com.mx\/index.php?rest_route=%2Fwp%2Fv2%2Fcomments&post=65510"}],"version-history":[{"count":1,"href":"https:\/\/encuentroinformativo.com.mx\/index.php?rest_route=\/wp\/v2\/posts\/65510\/revisions"}],"predecessor-version":[{"id":65512,"href":"https:\/\/encuentroinformativo.com.mx\/index.php?rest_route=\/wp\/v2\/posts\/65510\/revisions\/65512"}],"wp:featuredmedia":[{"embeddable":true,"href":"https:\/\/encuentroinformativo.com.mx\/index.php?rest_route=\/wp\/v2\/media\/65511"}],"wp:attachment":[{"href":"https:\/\/encuentroinformativo.com.mx\/index.php?rest_route=%2Fwp%2Fv2%2Fmedia&parent=65510"}],"wp:term":[{"taxonomy":"category","embeddable":true,"href":"https:\/\/encuentroinformativo.com.mx\/index.php?rest_route=%2Fwp%2Fv2%2Fcategories&post=65510"},{"taxonomy":"post_tag","embeddable":true,"href":"https:\/\/encuentroinformativo.com.mx\/index.php?rest_route=%2Fwp%2Fv2%2Ftags&post=65510"}],"curies":[{"name":"wp","href":"https:\/\/api.w.org\/{rel}","templated":true}]}}