{"id":65517,"date":"2025-04-04T21:06:38","date_gmt":"2025-04-05T03:06:38","guid":{"rendered":"https:\/\/encuentroinformativo.com.mx\/?p=65517"},"modified":"2025-04-04T21:06:38","modified_gmt":"2025-04-05T03:06:38","slug":"mc-ya-es-la-segunda-fuerza-en-mexico-belem-palmeros","status":"publish","type":"post","link":"https:\/\/encuentroinformativo.com.mx\/?p=65517","title":{"rendered":"MC ya es la segunda fuerza en M\u00e9xico: Belem Palmeros"},"content":{"rendered":"<p><strong>Alejandro \u00c1vila<\/strong><\/p>\n<p>Veracruz, Ver.- La contienda hist\u00f3rica entre cuatro mujeres por la alcald\u00eda de Veracruz ser\u00e1 muy re\u00f1ida, mencion\u00f3 Belem Palmeros Exsome, quien agreg\u00f3, Movimiento Ciudadano ya es la segunda fuerza pol\u00edtica a nivel nacional.<\/p>\n<p>La tarde de este viernes la regidora con licencia se registr\u00f3 ante el OPLE como candidata de Movimiento Ciudadano en busca de la presidencia municipal de Veracruz.<\/p>\n<p>&#8220;Va a ser un proceso muy re\u00f1ido por supuesto, somos, como ustedes lo han visto en las encuestas la segunda fuerza y, por supuesto, que vamos a hacer todo para ganar esta elecci\u00f3n&#8221;, subray\u00f3.<\/p>\n<p>Belem Palmeros dijo en entrevista que preparan una estrategia en conjunto con su planilla para llegar a todas las colonias de Veracruz, incluso las que no est\u00e1n regularizadas y, normalmente, son olvidadas por los gobiernos, pues se\u00f1al\u00f3 se debe atender y escuchar a todos los jarochos.<\/p>\n<p>&#8220;Quiero ir de la mano con la gente, este es el movimientos de todos, para todos, y por supuesto que vamos a ir tocando las puertas de todos los veracruzanos porque este es el primer paso para hacer que Veracruz cambie, hacer un mejor Veracruz para todos y para todas, un lugar que sea mejor para las ni\u00f1as y los ni\u00f1os, las mujeres y los j\u00f3venes, y para eso estamos aqu\u00ed&#8221;, remat\u00f3.<\/p>\n<p>La ahora candidata de Movimiento Ciudadano a la presidencia municipal de Veracruz, estuvo acompa\u00f1ada de su planilla, presidentes de Asociaciones Civiles y, del diputado federal, Sergio Gil Rull\u00e1n.<\/p>\n<p><img loading=\"lazy\" decoding=\"async\" class=\"alignnone size-medium wp-image-65519\" src=\"https:\/\/encuentroinformativo.com.mx\/wp-content\/uploads\/2025\/04\/IMG-20250404-WA0227-225x300.jpg\" alt=\"\" width=\"225\" height=\"300\" srcset=\"https:\/\/encuentroinformativo.com.mx\/wp-content\/uploads\/2025\/04\/IMG-20250404-WA0227-225x300.jpg 225w, https:\/\/encuentroinformativo.com.mx\/wp-content\/uploads\/2025\/04\/IMG-20250404-WA0227-768x1024.jpg 768w, https:\/\/encuentroinformativo.com.mx\/wp-content\/uploads\/2025\/04\/IMG-20250404-WA0227.jpg 960w\" sizes=\"auto, (max-width: 225px) 100vw, 225px\" \/><\/p>\n","protected":false},"excerpt":{"rendered":"<p>Alejandro \u00c1vila Veracruz, Ver.- La contienda hist\u00f3rica entre cuatro mujeres por la alcald\u00eda de Veracruz ser\u00e1 muy re\u00f1ida, mencion\u00f3 Belem Palmeros Exsome, quien agreg\u00f3, Movimiento Ciudadano ya es la segunda fuerza pol\u00edtica a nivel nacional. La tarde de este viernes la regidora con licencia se registr\u00f3 ante el OPLE como candidata de Movimiento Ciudadano en [&hellip;]<\/p>\n","protected":false},"author":2476,"featured_media":65518,"comment_status":"open","ping_status":"open","sticky":false,"template":"","format":"standard","meta":{"_jetpack_memberships_contains_paid_content":false,"footnotes":""},"categories":[2],"tags":[],"class_list":["post-65517","post","type-post","status-publish","format-standard","has-post-thumbnail","hentry","category-estado"],"jetpack_featured_media_url":"https:\/\/encuentroinformativo.com.mx\/wp-content\/uploads\/2025\/04\/IMG-20250404-WA0223.jpg","jetpack_sharing_enabled":true,"jetpack_likes_enabled":true,"amp_enabled":true,"_links":{"self":[{"href":"https:\/\/encuentroinformativo.com.mx\/index.php?rest_route=\/wp\/v2\/posts\/65517","targetHints":{"allow":["GET"]}}],"collection":[{"href":"https:\/\/encuentroinformativo.com.mx\/index.php?rest_route=\/wp\/v2\/posts"}],"about":[{"href":"https:\/\/encuentroinformativo.com.mx\/index.php?rest_route=\/wp\/v2\/types\/post"}],"author":[{"embeddable":true,"href":"https:\/\/encuentroinformativo.com.mx\/index.php?rest_route=\/wp\/v2\/users\/2476"}],"replies":[{"embeddable":true,"href":"https:\/\/encuentroinformativo.com.mx\/index.php?rest_route=%2Fwp%2Fv2%2Fcomments&post=65517"}],"version-history":[{"count":1,"href":"https:\/\/encuentroinformativo.com.mx\/index.php?rest_route=\/wp\/v2\/posts\/65517\/revisions"}],"predecessor-version":[{"id":65520,"href":"https:\/\/encuentroinformativo.com.mx\/index.php?rest_route=\/wp\/v2\/posts\/65517\/revisions\/65520"}],"wp:featuredmedia":[{"embeddable":true,"href":"https:\/\/encuentroinformativo.com.mx\/index.php?rest_route=\/wp\/v2\/media\/65518"}],"wp:attachment":[{"href":"https:\/\/encuentroinformativo.com.mx\/index.php?rest_route=%2Fwp%2Fv2%2Fmedia&parent=65517"}],"wp:term":[{"taxonomy":"category","embeddable":true,"href":"https:\/\/encuentroinformativo.com.mx\/index.php?rest_route=%2Fwp%2Fv2%2Fcategories&post=65517"},{"taxonomy":"post_tag","embeddable":true,"href":"https:\/\/encuentroinformativo.com.mx\/index.php?rest_route=%2Fwp%2Fv2%2Ftags&post=65517"}],"curies":[{"name":"wp","href":"https:\/\/api.w.org\/{rel}","templated":true}]}}