{"id":65521,"date":"2025-04-04T21:11:12","date_gmt":"2025-04-05T03:11:12","guid":{"rendered":"https:\/\/encuentroinformativo.com.mx\/?p=65521"},"modified":"2025-04-04T21:11:12","modified_gmt":"2025-04-05T03:11:12","slug":"vecinos-sofocan-incendio-en-medellin-pc-les-nego-auxilio","status":"publish","type":"post","link":"https:\/\/encuentroinformativo.com.mx\/?p=65521","title":{"rendered":"Vecinos sofocan incendio en Medell\u00edn, PC les nego auxilio"},"content":{"rendered":"<p><strong>Alejandro \u00c1vila<\/strong><\/p>\n<p>Medell\u00edn de Bravo, Ver.- Alrededor de las 13 horas de este viernes 4 de abril se inici\u00f3 un incendio en el fraccionamiento Arboleda San Miguel perteneciente al municipio de Medell\u00edn de Bravo, r\u00e1pidamente los vecinos hicieron el reporte a los n\u00fameros de emergencia pero se\u00f1alaron que los elementos de Protecci\u00f3n Civil se negaron a brindarles apoyo argumentando que la pipa que transporta el agua no serv\u00eda.<\/p>\n<p>El fuego inici\u00f3 en la calle isleta, afectando varias casas posteriormente las llamas se expanden hasta la entrada principal del fraccionamiento, afectando algunos cables de Comisi\u00f3n Federal de Electricidad y de la empresa Megacable, si bien hasta el momento no se han quedado sin energ\u00eda el\u00e9ctrica, s\u00ed dejaron de tener servicio de internet y televisi\u00f3n de paga.<\/p>\n<p>&#8220;Se realiz\u00f3 la llamada tanto al 911 como Protecci\u00f3n Civil e incluso se realiza tambi\u00e9n a trav\u00e9s de la aplicaci\u00f3n de Alerta Ciudadana pero nadie lleg\u00f3, estamos hablando que inici\u00f3 la una y media, qu\u00e9 hora es, nadie lleg\u00f3, nadie se vino a parar ac\u00e1, y con la justificaci\u00f3n, una de que marcabas y te dec\u00edan que estaban en otros dos servicios, y de ah\u00ed volv\u00edas a marcar y dec\u00edan que la pipa no serv\u00eda, pr\u00e1cticamente ah\u00ed qued\u00f3 en duda de que, a qui\u00e9n creerle, si estaban otros los servicios o la pipa no serv\u00eda. Ahorita el fuego ya se control\u00f3, estamos hablando de que vinieron m\u00e1s de 60 vecinos apoyar porque si no pr\u00e1cticamente el transformador se hubiera quemado nos hubi\u00e9ramos quedado sin luz, ahorita ya nos quedamos en el servicio de Megacable&#8221;, expres\u00f3 uno de los vecinos que ayud\u00f3 a sofocar el fuego.<\/p>\n<p>Los ciudadanos lamentaron el nulo apoyo del Ayuntamiento de Medell\u00edn de Bravo, se\u00f1alando que los empleados municipales se encontraban operando el evento de registro del candidato de Morena ante el OPLE, Samuel Acosta, en vez de brindar apoyo a la ciudadan\u00eda.<\/p>\n<p>&#8220;Ahorita ya se logr\u00f3 controlar el fuego pero fue por los ciudadanos, ahorita va tardando va a llegar Protecci\u00f3n Civil va a llegar a enfriar como es su costumbre y ya de ah\u00ed sube una nota donde dicen que ellos se sofocaron el incendio, porque siempre acostumbran a realizar ese tipo de notas, donde ya cuando est\u00e1 apagado todo llegan ellos varias horas despu\u00e9s a decir que ya sofocaron el incendio para que a uno les aplauda, cosa que quienes trabaja aqu\u00ed son los ciudadanos&#8221;, refut\u00f3.<\/p>\n","protected":false},"excerpt":{"rendered":"<p>Alejandro \u00c1vila Medell\u00edn de Bravo, Ver.- Alrededor de las 13 horas de este viernes 4 de abril se inici\u00f3 un incendio en el fraccionamiento Arboleda San Miguel perteneciente al municipio de Medell\u00edn de Bravo, r\u00e1pidamente los vecinos hicieron el reporte a los n\u00fameros de emergencia pero se\u00f1alaron que los elementos de Protecci\u00f3n Civil se negaron [&hellip;]<\/p>\n","protected":false},"author":2476,"featured_media":65522,"comment_status":"open","ping_status":"open","sticky":false,"template":"","format":"standard","meta":{"_jetpack_memberships_contains_paid_content":false,"footnotes":""},"categories":[2],"tags":[],"class_list":["post-65521","post","type-post","status-publish","format-standard","has-post-thumbnail","hentry","category-estado"],"jetpack_featured_media_url":"https:\/\/encuentroinformativo.com.mx\/wp-content\/uploads\/2025\/04\/IMG-20250404-WA0246.jpg","jetpack_sharing_enabled":true,"jetpack_likes_enabled":true,"amp_enabled":true,"_links":{"self":[{"href":"https:\/\/encuentroinformativo.com.mx\/index.php?rest_route=\/wp\/v2\/posts\/65521","targetHints":{"allow":["GET"]}}],"collection":[{"href":"https:\/\/encuentroinformativo.com.mx\/index.php?rest_route=\/wp\/v2\/posts"}],"about":[{"href":"https:\/\/encuentroinformativo.com.mx\/index.php?rest_route=\/wp\/v2\/types\/post"}],"author":[{"embeddable":true,"href":"https:\/\/encuentroinformativo.com.mx\/index.php?rest_route=\/wp\/v2\/users\/2476"}],"replies":[{"embeddable":true,"href":"https:\/\/encuentroinformativo.com.mx\/index.php?rest_route=%2Fwp%2Fv2%2Fcomments&post=65521"}],"version-history":[{"count":1,"href":"https:\/\/encuentroinformativo.com.mx\/index.php?rest_route=\/wp\/v2\/posts\/65521\/revisions"}],"predecessor-version":[{"id":65523,"href":"https:\/\/encuentroinformativo.com.mx\/index.php?rest_route=\/wp\/v2\/posts\/65521\/revisions\/65523"}],"wp:featuredmedia":[{"embeddable":true,"href":"https:\/\/encuentroinformativo.com.mx\/index.php?rest_route=\/wp\/v2\/media\/65522"}],"wp:attachment":[{"href":"https:\/\/encuentroinformativo.com.mx\/index.php?rest_route=%2Fwp%2Fv2%2Fmedia&parent=65521"}],"wp:term":[{"taxonomy":"category","embeddable":true,"href":"https:\/\/encuentroinformativo.com.mx\/index.php?rest_route=%2Fwp%2Fv2%2Fcategories&post=65521"},{"taxonomy":"post_tag","embeddable":true,"href":"https:\/\/encuentroinformativo.com.mx\/index.php?rest_route=%2Fwp%2Fv2%2Ftags&post=65521"}],"curies":[{"name":"wp","href":"https:\/\/api.w.org\/{rel}","templated":true}]}}