{"id":65524,"date":"2025-04-04T23:25:36","date_gmt":"2025-04-05T05:25:36","guid":{"rendered":"https:\/\/encuentroinformativo.com.mx\/?p=65524"},"modified":"2025-04-04T23:25:36","modified_gmt":"2025-04-05T05:25:36","slug":"tiene-pvem-veracruz-nuevos-promotores-y-coordinadores-de-la-transformacion-verde","status":"publish","type":"post","link":"https:\/\/encuentroinformativo.com.mx\/?p=65524","title":{"rendered":"Tiene PVEM Veracruz nuevos promotores y coordinadores de la Transformaci\u00f3n Verde"},"content":{"rendered":"<p>Xalapa, Ver.- Bajo el liderazgo de Edgar Herrera Lendechy, el Partido Verde Ecologista de M\u00e9xico (PVEM) en Veracruz ha fortalecido su estructura territorial con la designaci\u00f3n de nuevos Coordinadores de la Defensa de la Transformaci\u00f3n Verde y Promotores de la Cuarta Transformaci\u00f3n.<\/p>\n<p>Estos nombramientos, anunciados hoy, reafirman el compromiso del partido con la construcci\u00f3n del segundo piso de la transformaci\u00f3n en el estado.<\/p>\n<p>De esta manera, la transformaci\u00f3n de Veracruz se seguir\u00e1 construyendo con las y los Coordinadores de la Defensa de la Transformaci\u00f3n Verde, as\u00ed como los Promotores de la Cuarta Transformaci\u00f3n que fueron nombrados por el dirigente estatal, Edgar Herrera Lendechy.<br \/>\nLas mujeres y hombres designados este d\u00eda fueron:<\/p>\n<p>* Laura Molina Dom\u00ednguez para Miahuatl\u00e1n, como Coordinadora de la Defensa de la Transformaci\u00f3n Verde.<br \/>\n* Marina Mart\u00ednez L\u00f3pez para Huayacocotla, como Promotora de la Cuarta Transformaci\u00f3n.<br \/>\n* Ana Patricia Robles Pulido para Manlio Fabio Altamirano, como Coordinadora de la Defensa de la Transformaci\u00f3n Verde.<br \/>\n* Cirina Apodaca Qui\u00f1ones para Tonay\u00e1n, como Promotora de la Cuarta Transformaci\u00f3n.<br \/>\n* Johanna Esmit Lozano Nev\u00e1rez para Yanga, como Promotora de la Cuarta Transformaci\u00f3n.<br \/>\n* Luz Mar\u00eda Guadalupe Dom\u00ednguez Guere\u00f1a para Hidalgotitl\u00e1n, como Promotora de la Cuarta Transformaci\u00f3n.<br \/>\n* Rafael Gustavo Fararoni Maga\u00f1a para San Andr\u00e9s Tuxtla, como Coordinador de la Defensa de la Transformaci\u00f3n Verde.<br \/>\n* Elena Montalvo Luna para Cosoleacaque, como Coordinadora de la Defensa de la Transformaci\u00f3n Verde.<br \/>\n* Alberto \u00c1ngel Cobos Alvarado M\u00e1rquez para Alvarado, como Promotor de la Cuarta Transformaci\u00f3n.<br \/>\n* Miriam Cruz Gonz\u00e1lez para Tempoal, como Promotora de la Cuarta Transformaci\u00f3n.<br \/>\n* Alejandra Zepehua Hern\u00e1ndez para Tequila, como Coordinadora de la Defensa de la Transformaci\u00f3n Verde.<\/p>\n<p>El compromiso verde contin\u00faa gracias a labor incansable de las y los coordinadores designados en todo el territorio, fundamental para avanzar en la consolidaci\u00f3n de la transformaci\u00f3n en la entidad.<\/p>\n<p><img loading=\"lazy\" decoding=\"async\" class=\"alignnone size-medium wp-image-65526\" src=\"https:\/\/encuentroinformativo.com.mx\/wp-content\/uploads\/2025\/04\/IMG-20250404-WA0322-300x200.jpg\" alt=\"\" width=\"300\" height=\"200\" srcset=\"https:\/\/encuentroinformativo.com.mx\/wp-content\/uploads\/2025\/04\/IMG-20250404-WA0322-300x200.jpg 300w, https:\/\/encuentroinformativo.com.mx\/wp-content\/uploads\/2025\/04\/IMG-20250404-WA0322-1024x683.jpg 1024w, https:\/\/encuentroinformativo.com.mx\/wp-content\/uploads\/2025\/04\/IMG-20250404-WA0322-768x512.jpg 768w, https:\/\/encuentroinformativo.com.mx\/wp-content\/uploads\/2025\/04\/IMG-20250404-WA0322-1536x1024.jpg 1536w, https:\/\/encuentroinformativo.com.mx\/wp-content\/uploads\/2025\/04\/IMG-20250404-WA0322-2048x1365.jpg 2048w\" sizes=\"auto, (max-width: 300px) 100vw, 300px\" \/><\/p>\n","protected":false},"excerpt":{"rendered":"<p>Xalapa, Ver.- Bajo el liderazgo de Edgar Herrera Lendechy, el Partido Verde Ecologista de M\u00e9xico (PVEM) en Veracruz ha fortalecido su estructura territorial con la designaci\u00f3n de nuevos Coordinadores de la Defensa de la Transformaci\u00f3n Verde y Promotores de la Cuarta Transformaci\u00f3n. Estos nombramientos, anunciados hoy, reafirman el compromiso del partido con la construcci\u00f3n del [&hellip;]<\/p>\n","protected":false},"author":2476,"featured_media":65525,"comment_status":"open","ping_status":"open","sticky":false,"template":"","format":"standard","meta":{"_jetpack_memberships_contains_paid_content":false,"footnotes":""},"categories":[2],"tags":[],"class_list":["post-65524","post","type-post","status-publish","format-standard","has-post-thumbnail","hentry","category-estado"],"jetpack_featured_media_url":"https:\/\/encuentroinformativo.com.mx\/wp-content\/uploads\/2025\/04\/IMG-20250404-WA0326-scaled.jpg","jetpack_sharing_enabled":true,"jetpack_likes_enabled":true,"amp_enabled":true,"_links":{"self":[{"href":"https:\/\/encuentroinformativo.com.mx\/index.php?rest_route=\/wp\/v2\/posts\/65524","targetHints":{"allow":["GET"]}}],"collection":[{"href":"https:\/\/encuentroinformativo.com.mx\/index.php?rest_route=\/wp\/v2\/posts"}],"about":[{"href":"https:\/\/encuentroinformativo.com.mx\/index.php?rest_route=\/wp\/v2\/types\/post"}],"author":[{"embeddable":true,"href":"https:\/\/encuentroinformativo.com.mx\/index.php?rest_route=\/wp\/v2\/users\/2476"}],"replies":[{"embeddable":true,"href":"https:\/\/encuentroinformativo.com.mx\/index.php?rest_route=%2Fwp%2Fv2%2Fcomments&post=65524"}],"version-history":[{"count":2,"href":"https:\/\/encuentroinformativo.com.mx\/index.php?rest_route=\/wp\/v2\/posts\/65524\/revisions"}],"predecessor-version":[{"id":65528,"href":"https:\/\/encuentroinformativo.com.mx\/index.php?rest_route=\/wp\/v2\/posts\/65524\/revisions\/65528"}],"wp:featuredmedia":[{"embeddable":true,"href":"https:\/\/encuentroinformativo.com.mx\/index.php?rest_route=\/wp\/v2\/media\/65525"}],"wp:attachment":[{"href":"https:\/\/encuentroinformativo.com.mx\/index.php?rest_route=%2Fwp%2Fv2%2Fmedia&parent=65524"}],"wp:term":[{"taxonomy":"category","embeddable":true,"href":"https:\/\/encuentroinformativo.com.mx\/index.php?rest_route=%2Fwp%2Fv2%2Fcategories&post=65524"},{"taxonomy":"post_tag","embeddable":true,"href":"https:\/\/encuentroinformativo.com.mx\/index.php?rest_route=%2Fwp%2Fv2%2Ftags&post=65524"}],"curies":[{"name":"wp","href":"https:\/\/api.w.org\/{rel}","templated":true}]}}