{"id":65535,"date":"2025-04-05T13:58:01","date_gmt":"2025-04-05T19:58:01","guid":{"rendered":"https:\/\/encuentroinformativo.com.mx\/?p=65535"},"modified":"2025-04-05T13:58:01","modified_gmt":"2025-04-05T19:58:01","slug":"aumentan-incendios-por-quemas-agricolas-en-region-xalapena","status":"publish","type":"post","link":"https:\/\/encuentroinformativo.com.mx\/?p=65535","title":{"rendered":"Aumentan incendios por quemas agr\u00edcolas en regi\u00f3n xalape\u00f1a"},"content":{"rendered":"<p><strong>Dar\u00edo Pale<\/strong><\/p>\n<p>Xalapa, Ver.- V\u00edctor Augusto Mu\u00f1oz Garc\u00eda, encargado del \u00e1rea operativa de Protecci\u00f3n Civil Municipal reconoci\u00f3 que ha habido un incremento de incendios en la ciudad, tal como sucedi\u00f3 este viernes en el paseo de Los Lagos.<\/p>\n<p>&#8220;Pero tenemos m\u00e1s el incremento por las quemas agr\u00edcolas, que no se llevan como deben de ser&#8221;, asever\u00f3.<\/p>\n<p>Puntualiz\u00f3 que los incendios se han registrado mayormente en las comunidades como El Castillo, Seis de Enero y El Tronconal.<\/p>\n<p>Mu\u00f1oz Garc\u00eda recomend\u00f3 a la gente que tenga que hacer quemas agr\u00edcolas, no las hagan al medio d\u00eda, toda vez que est\u00e1 el calor en &#8220;pleno apogeo&#8221; y se salen de control.<\/p>\n<p>&#8220;No hagan quemas en sus predios, hay gente que hace la limpieza de sus terrenos, chapea, deja secar el pasto y se les hace f\u00e1cil hacer la quema&#8221;, se\u00f1al\u00f3.<\/p>\n<p>Inform\u00f3 que se han quemado 23 hect\u00e1reas de pastizales, desde que inici\u00f3 la temporada, el 15 de enero a la fecha, detall\u00f3 que al d\u00eda han estado atendiendo entre 3 y 5 incendios de pastizales al d\u00eda.<\/p>\n<p>Expuso que lamentablemente las quemas agr\u00edcolas son una de las actividades que est\u00e1 propiciando los incendios de pastizales.<\/p>\n<p>Por \u00faltimo coment\u00f3 que, los descuidos de la gente al dejar vidrios, botellas en cualquier lugar porque se produce un efecto de lupa y, la quema de basura.<\/p>\n","protected":false},"excerpt":{"rendered":"<p>Dar\u00edo Pale Xalapa, Ver.- V\u00edctor Augusto Mu\u00f1oz Garc\u00eda, encargado del \u00e1rea operativa de Protecci\u00f3n Civil Municipal reconoci\u00f3 que ha habido un incremento de incendios en la ciudad, tal como sucedi\u00f3 este viernes en el paseo de Los Lagos. &#8220;Pero tenemos m\u00e1s el incremento por las quemas agr\u00edcolas, que no se llevan como deben de ser&#8221;, [&hellip;]<\/p>\n","protected":false},"author":2476,"featured_media":65536,"comment_status":"open","ping_status":"open","sticky":false,"template":"","format":"standard","meta":{"_jetpack_memberships_contains_paid_content":false,"footnotes":""},"categories":[3],"tags":[],"class_list":["post-65535","post","type-post","status-publish","format-standard","has-post-thumbnail","hentry","category-xalapa"],"jetpack_featured_media_url":"https:\/\/encuentroinformativo.com.mx\/wp-content\/uploads\/2025\/04\/IMG-20250405-WA0163.jpg","jetpack_sharing_enabled":true,"jetpack_likes_enabled":true,"amp_enabled":true,"_links":{"self":[{"href":"https:\/\/encuentroinformativo.com.mx\/index.php?rest_route=\/wp\/v2\/posts\/65535","targetHints":{"allow":["GET"]}}],"collection":[{"href":"https:\/\/encuentroinformativo.com.mx\/index.php?rest_route=\/wp\/v2\/posts"}],"about":[{"href":"https:\/\/encuentroinformativo.com.mx\/index.php?rest_route=\/wp\/v2\/types\/post"}],"author":[{"embeddable":true,"href":"https:\/\/encuentroinformativo.com.mx\/index.php?rest_route=\/wp\/v2\/users\/2476"}],"replies":[{"embeddable":true,"href":"https:\/\/encuentroinformativo.com.mx\/index.php?rest_route=%2Fwp%2Fv2%2Fcomments&post=65535"}],"version-history":[{"count":1,"href":"https:\/\/encuentroinformativo.com.mx\/index.php?rest_route=\/wp\/v2\/posts\/65535\/revisions"}],"predecessor-version":[{"id":65537,"href":"https:\/\/encuentroinformativo.com.mx\/index.php?rest_route=\/wp\/v2\/posts\/65535\/revisions\/65537"}],"wp:featuredmedia":[{"embeddable":true,"href":"https:\/\/encuentroinformativo.com.mx\/index.php?rest_route=\/wp\/v2\/media\/65536"}],"wp:attachment":[{"href":"https:\/\/encuentroinformativo.com.mx\/index.php?rest_route=%2Fwp%2Fv2%2Fmedia&parent=65535"}],"wp:term":[{"taxonomy":"category","embeddable":true,"href":"https:\/\/encuentroinformativo.com.mx\/index.php?rest_route=%2Fwp%2Fv2%2Fcategories&post=65535"},{"taxonomy":"post_tag","embeddable":true,"href":"https:\/\/encuentroinformativo.com.mx\/index.php?rest_route=%2Fwp%2Fv2%2Ftags&post=65535"}],"curies":[{"name":"wp","href":"https:\/\/api.w.org\/{rel}","templated":true}]}}