{"id":65551,"date":"2025-04-05T16:39:30","date_gmt":"2025-04-05T22:39:30","guid":{"rendered":"https:\/\/encuentroinformativo.com.mx\/?p=65551"},"modified":"2025-04-05T16:39:30","modified_gmt":"2025-04-05T22:39:30","slug":"ya-no-se-juzgara-desde-una-esfera-de-privilegio-daniela-suarez","status":"publish","type":"post","link":"https:\/\/encuentroinformativo.com.mx\/?p=65551","title":{"rendered":"Ya no se juzgar\u00e1 desde una esfera de privilegio: Daniela Su\u00e1rez"},"content":{"rendered":"<p><strong>Alejandro \u00c1vila<\/strong><\/p>\n<p>Mart\u00ednez de la Torre, Ver.- La procuraci\u00f3n de justicia en M\u00e9xico ya no se har\u00e1 desde una esfera de privilegio, se\u00f1al\u00f3 Daniela Su\u00e1rez de los Santos, candidata Jueza de Distrito de Materia Mixta.<\/p>\n<p>De recorrido en Mart\u00ednez de la Torre donde ofreci\u00f3 una conferencia magistral, la ex integrante de la Suprema Corte de Justicia de la Naci\u00f3n resalt\u00f3 que los veracruzanos tienen la opci\u00f3n de elegir a sus pr\u00f3ximos jueces basados en los conceptos de trayectoria, cualidades humanas, \u00e9tica y honestidad.<\/p>\n<p>&#8220;Que no juzguen desde una esfera de privilegio, que conozcan las problem\u00e1ticas del pueblo de manera directa, que conozcan las problem\u00e1ticas de la sociedad, porque si no una justicia elitista, una justicia lejana de qu\u00e9 va a servir. Tenemos que juzgar de manera cercana, el derecho ya no puede ser un privilegio, el derecho es justamente eso, un derecho y, todas las autoridades deben de respetar las leyes, deben de respetar la Constituci\u00f3n y, hablando de las personas juzgadoras deben de juzgar con enfoque de Derechos Humanos&#8221;, sentenci\u00f3.<\/p>\n<p>Daniela Su\u00e1rez qui\u00e9n aparecer\u00e1 en el n\u00famero 12 de la boleta amarilla resalt\u00f3 que, su \u00fanico compromiso ser\u00e1 con los grupos vulnerables y con respetar la constituci\u00f3n mexicana con base en un enfoque de Derechos Humanos.<\/p>\n<p>&#8220;Es muy importante que no solo se apliquen los est\u00e1ndares nacionales sino tambi\u00e9n los estandares internacionales, que en algunas ocasiones puede resultar en mayor beneficios de las personas, esto porque adem\u00e1s as\u00ed lo establece nuestra Constituci\u00f3n, yo siempre he sostenido y esto es muy importante que toda la gente lo sepa, el juzgar con enfoque de Derechos Humanos no es una opci\u00f3n, es una obligaci\u00f3n constitucional, adem\u00e1s ha sido desarrollada por la Suprema Corte de Justicia de la Naci\u00f3n, ha sido desarrollada por organismos internacionales como la Corte Interamericana de Derechos Humanos. Entonces, digamos que todos los mexicanos, los veracruzanas los veracruzanos debemos de saber nuestros derechos para exigir las autoridades que nos los respeten de la mejor manera&#8221;, culmin\u00f3.<\/p>\n","protected":false},"excerpt":{"rendered":"<p>Alejandro \u00c1vila Mart\u00ednez de la Torre, Ver.- La procuraci\u00f3n de justicia en M\u00e9xico ya no se har\u00e1 desde una esfera de privilegio, se\u00f1al\u00f3 Daniela Su\u00e1rez de los Santos, candidata Jueza de Distrito de Materia Mixta. De recorrido en Mart\u00ednez de la Torre donde ofreci\u00f3 una conferencia magistral, la ex integrante de la Suprema Corte de [&hellip;]<\/p>\n","protected":false},"author":2476,"featured_media":65552,"comment_status":"open","ping_status":"open","sticky":false,"template":"","format":"standard","meta":{"_jetpack_memberships_contains_paid_content":false,"footnotes":""},"categories":[2],"tags":[],"class_list":["post-65551","post","type-post","status-publish","format-standard","has-post-thumbnail","hentry","category-estado"],"jetpack_featured_media_url":"https:\/\/encuentroinformativo.com.mx\/wp-content\/uploads\/2025\/04\/IMG-20250405-WA01822.jpg","jetpack_sharing_enabled":true,"jetpack_likes_enabled":true,"amp_enabled":true,"_links":{"self":[{"href":"https:\/\/encuentroinformativo.com.mx\/index.php?rest_route=\/wp\/v2\/posts\/65551","targetHints":{"allow":["GET"]}}],"collection":[{"href":"https:\/\/encuentroinformativo.com.mx\/index.php?rest_route=\/wp\/v2\/posts"}],"about":[{"href":"https:\/\/encuentroinformativo.com.mx\/index.php?rest_route=\/wp\/v2\/types\/post"}],"author":[{"embeddable":true,"href":"https:\/\/encuentroinformativo.com.mx\/index.php?rest_route=\/wp\/v2\/users\/2476"}],"replies":[{"embeddable":true,"href":"https:\/\/encuentroinformativo.com.mx\/index.php?rest_route=%2Fwp%2Fv2%2Fcomments&post=65551"}],"version-history":[{"count":1,"href":"https:\/\/encuentroinformativo.com.mx\/index.php?rest_route=\/wp\/v2\/posts\/65551\/revisions"}],"predecessor-version":[{"id":65553,"href":"https:\/\/encuentroinformativo.com.mx\/index.php?rest_route=\/wp\/v2\/posts\/65551\/revisions\/65553"}],"wp:featuredmedia":[{"embeddable":true,"href":"https:\/\/encuentroinformativo.com.mx\/index.php?rest_route=\/wp\/v2\/media\/65552"}],"wp:attachment":[{"href":"https:\/\/encuentroinformativo.com.mx\/index.php?rest_route=%2Fwp%2Fv2%2Fmedia&parent=65551"}],"wp:term":[{"taxonomy":"category","embeddable":true,"href":"https:\/\/encuentroinformativo.com.mx\/index.php?rest_route=%2Fwp%2Fv2%2Fcategories&post=65551"},{"taxonomy":"post_tag","embeddable":true,"href":"https:\/\/encuentroinformativo.com.mx\/index.php?rest_route=%2Fwp%2Fv2%2Ftags&post=65551"}],"curies":[{"name":"wp","href":"https:\/\/api.w.org\/{rel}","templated":true}]}}