{"id":65554,"date":"2025-04-05T18:20:39","date_gmt":"2025-04-06T00:20:39","guid":{"rendered":"https:\/\/encuentroinformativo.com.mx\/?p=65554"},"modified":"2025-04-05T18:20:39","modified_gmt":"2025-04-06T00:20:39","slug":"samuel-acosta-candidato-de-la-cuarta-transformacion-en-medellin-de-bravo","status":"publish","type":"post","link":"https:\/\/encuentroinformativo.com.mx\/?p=65554","title":{"rendered":"Samuel Acosta candidato de la Cuarta Transformaci\u00f3n en Medell\u00edn de Bravo"},"content":{"rendered":"<p><strong>Alejandro \u00c1vila<\/strong><\/p>\n<p>Medell\u00edn de Bravo, Ver.- Con el respaldo de simpatizantes, familiares, l\u00edderes comunitarios y militantes de los partidos Morena y Verde Ecologista de M\u00e9xico, Samuel Acosta formaliz\u00f3 este viernes su registro como candidato a la presidencia municipal de Medell\u00edn de Bravo, marcando el inicio de una nueva etapa pol\u00edtica para el municipio, que apuesta por la continuidad del proyecto de transformaci\u00f3n y bienestar para todas y todos los medellinenses.<\/p>\n<p>En un ambiente de entusiasmo, unidad y compromiso ciudadano, Samuel Acosta encabez\u00f3 una caminata simb\u00f3lica por varias calles del municipio, acompa\u00f1ado por cientos de personas que, entre aplausos, porras y banderas, refrendaron su apoyo al proyecto que representa. La marcha culmin\u00f3 con su llegada al Organismo P\u00fablico Local Electoral (OPLE), donde present\u00f3 formalmente su documentaci\u00f3n para contender por la alcald\u00eda en las pr\u00f3ximas elecciones.<\/p>\n<p>Durante su mensaje, Samuel Acosta destac\u00f3 que este registro representa un momento clave no solo para su carrera pol\u00edtica, sino para el futuro de Medell\u00edn de Bravo:<\/p>\n<p>\u201cEsto es un gran triunfo, es un paso muy importante para Medell\u00edn y creo que juntos vamos rumbo a la victoria. Este proyecto no es m\u00edo, es del pueblo, y lo vamos a consolidar con honestidad, compromiso y resultados concretos\u201d, expres\u00f3 el candidato.<\/p>\n<p>Uno de los puntos m\u00e1s relevantes de su intervenci\u00f3n fue su llamado a dar continuidad a los logros de la actual administraci\u00f3n municipal, la cual, afirm\u00f3, ha marcado un antes y un despu\u00e9s en la historia reciente del municipio.<\/p>\n<p>\u201cMedell\u00edn requiere una continuidad. El gobierno actual ha hecho mucho, y nuestra responsabilidad ser\u00e1 seguir por esa misma ruta. Vamos a continuar con muchos de los programas que ya se est\u00e1n ejecutando, fortalecerlos y ampliar su alcance. Samuel Acosta representa la continuidad de Medell\u00edn. Vamos a seguir construyendo el segundo piso de la transformaci\u00f3n en Medell\u00edn de Bravo\u201d, afirm\u00f3 con firmeza.<\/p>\n<p>El registro de Samuel Acosta como candidato por la coalici\u00f3n Morena-Partido Verde ha sido bien recibido por diversos sectores sociales, que ven en \u00e9l un perfil comprometido, con visi\u00f3n de futuro y cercano a la gente. Su propuesta se basa en ejes claros como el fortalecimiento de la infraestructura municipal, la mejora de los servicios p\u00fablicos, el apoyo a mujeres y j\u00f3venes, y el impulso a la econom\u00eda local con justicia social.<\/p>\n<p>Este nuevo paso en su carrera representa el inicio de una campa\u00f1a enfocada en escuchar, dialogar y construir junto con el pueblo. En los pr\u00f3ximos d\u00edas, Samuel Acosta continuar\u00e1 recorriendo colonias, comunidades y zonas rurales del municipio, llevando su mensaje de esperanza, continuidad y transformaci\u00f3n.<\/p>\n<p>Con su registro oficial, Samuel Acosta reafirma su compromiso con los principios de la Cuarta Transformaci\u00f3n, sumando esfuerzos con el pueblo de Medell\u00edn de Bravo para consolidar un municipio m\u00e1s justo, pr\u00f3spero y digno para todos.<\/p>\n","protected":false},"excerpt":{"rendered":"<p>Alejandro \u00c1vila Medell\u00edn de Bravo, Ver.- Con el respaldo de simpatizantes, familiares, l\u00edderes comunitarios y militantes de los partidos Morena y Verde Ecologista de M\u00e9xico, Samuel Acosta formaliz\u00f3 este viernes su registro como candidato a la presidencia municipal de Medell\u00edn de Bravo, marcando el inicio de una nueva etapa pol\u00edtica para el municipio, que apuesta [&hellip;]<\/p>\n","protected":false},"author":2476,"featured_media":65555,"comment_status":"open","ping_status":"open","sticky":false,"template":"","format":"standard","meta":{"_jetpack_memberships_contains_paid_content":false,"footnotes":""},"categories":[2],"tags":[],"class_list":["post-65554","post","type-post","status-publish","format-standard","has-post-thumbnail","hentry","category-estado"],"jetpack_featured_media_url":"https:\/\/encuentroinformativo.com.mx\/wp-content\/uploads\/2025\/04\/IMG-20250405-WA0203.jpg","jetpack_sharing_enabled":true,"jetpack_likes_enabled":true,"amp_enabled":true,"_links":{"self":[{"href":"https:\/\/encuentroinformativo.com.mx\/index.php?rest_route=\/wp\/v2\/posts\/65554","targetHints":{"allow":["GET"]}}],"collection":[{"href":"https:\/\/encuentroinformativo.com.mx\/index.php?rest_route=\/wp\/v2\/posts"}],"about":[{"href":"https:\/\/encuentroinformativo.com.mx\/index.php?rest_route=\/wp\/v2\/types\/post"}],"author":[{"embeddable":true,"href":"https:\/\/encuentroinformativo.com.mx\/index.php?rest_route=\/wp\/v2\/users\/2476"}],"replies":[{"embeddable":true,"href":"https:\/\/encuentroinformativo.com.mx\/index.php?rest_route=%2Fwp%2Fv2%2Fcomments&post=65554"}],"version-history":[{"count":1,"href":"https:\/\/encuentroinformativo.com.mx\/index.php?rest_route=\/wp\/v2\/posts\/65554\/revisions"}],"predecessor-version":[{"id":65556,"href":"https:\/\/encuentroinformativo.com.mx\/index.php?rest_route=\/wp\/v2\/posts\/65554\/revisions\/65556"}],"wp:featuredmedia":[{"embeddable":true,"href":"https:\/\/encuentroinformativo.com.mx\/index.php?rest_route=\/wp\/v2\/media\/65555"}],"wp:attachment":[{"href":"https:\/\/encuentroinformativo.com.mx\/index.php?rest_route=%2Fwp%2Fv2%2Fmedia&parent=65554"}],"wp:term":[{"taxonomy":"category","embeddable":true,"href":"https:\/\/encuentroinformativo.com.mx\/index.php?rest_route=%2Fwp%2Fv2%2Fcategories&post=65554"},{"taxonomy":"post_tag","embeddable":true,"href":"https:\/\/encuentroinformativo.com.mx\/index.php?rest_route=%2Fwp%2Fv2%2Ftags&post=65554"}],"curies":[{"name":"wp","href":"https:\/\/api.w.org\/{rel}","templated":true}]}}