{"id":65557,"date":"2025-04-06T15:05:05","date_gmt":"2025-04-06T21:05:05","guid":{"rendered":"https:\/\/encuentroinformativo.com.mx\/?p=65557"},"modified":"2025-04-06T15:05:05","modified_gmt":"2025-04-06T21:05:05","slug":"los-ciudadanos-tomamos-boca-del-rio-raul-zarrabal","status":"publish","type":"post","link":"https:\/\/encuentroinformativo.com.mx\/?p=65557","title":{"rendered":"Los ciudadanos tomamos Boca del R\u00edo: Ra\u00fal Zarrabal"},"content":{"rendered":"<p><strong>Alejandro \u00c1vila<\/strong><\/p>\n<p>Boca del R\u00edo, Ver.- De forma oficial fue presentado Ra\u00fal Zarrabal Ferat como candidato de Movimiento Ciudadano a la alcald\u00eda de Boca del R\u00edo; dentro de su discurso asegur\u00f3 que los ciudadanos llegaron para tomar Boca del R\u00edo y alejarlo de la familia que se adue\u00f1\u00f3 de la ciudad.<\/p>\n<p>Acompa\u00f1ado del presidente estatal, Luis Carbonell de la Hoz; el diputado federal, Sergio Gil Rull\u00e1n; e incluso, del ex alcalde panista, Francisco Guti\u00e9rrez de Velasco; adem\u00e1s de la planilla que lo acompa\u00f1ar\u00e1 en los recorridos por las colonias boque\u00f1as, Ra\u00fal Zarrabal tom\u00f3 protesta y se\u00f1al\u00f3 que la ciudad tiene que terminar de detonar en materia turistica e infraestructura.<\/p>\n<p>&#8220;La misi\u00f3n es clara, un municipio donde se si\u00e9nta la estabilidad y d\u00f3nde la alegr\u00eda de vivir se refleja en cada rinc\u00f3n, quiero un Boca del R\u00edo donde la uni\u00f3n sea nuestra bandera, dejemos atr\u00e1s las divisiones y trabajemos hombro con hombro por lo \u00fanico que nos une&#8221;, sentenci\u00f3.<\/p>\n<p>Rodeado de una planilla de mujeres y j\u00f3venes de qui\u00e9nes dijo, ya no solo ser\u00e1n espectadores de un buen gobierno, sino protagonistas que sumar\u00e1n ideas para el desarrollo de Boca del R\u00edo.<\/p>\n","protected":false},"excerpt":{"rendered":"<p>Alejandro \u00c1vila Boca del R\u00edo, Ver.- De forma oficial fue presentado Ra\u00fal Zarrabal Ferat como candidato de Movimiento Ciudadano a la alcald\u00eda de Boca del R\u00edo; dentro de su discurso asegur\u00f3 que los ciudadanos llegaron para tomar Boca del R\u00edo y alejarlo de la familia que se adue\u00f1\u00f3 de la ciudad. Acompa\u00f1ado del presidente estatal, [&hellip;]<\/p>\n","protected":false},"author":2476,"featured_media":65559,"comment_status":"open","ping_status":"open","sticky":false,"template":"","format":"standard","meta":{"_jetpack_memberships_contains_paid_content":false,"footnotes":""},"categories":[2],"tags":[],"class_list":["post-65557","post","type-post","status-publish","format-standard","has-post-thumbnail","hentry","category-estado"],"jetpack_featured_media_url":"https:\/\/encuentroinformativo.com.mx\/wp-content\/uploads\/2025\/04\/IMG-20250406-WA00362.jpg","jetpack_sharing_enabled":true,"jetpack_likes_enabled":true,"amp_enabled":true,"_links":{"self":[{"href":"https:\/\/encuentroinformativo.com.mx\/index.php?rest_route=\/wp\/v2\/posts\/65557","targetHints":{"allow":["GET"]}}],"collection":[{"href":"https:\/\/encuentroinformativo.com.mx\/index.php?rest_route=\/wp\/v2\/posts"}],"about":[{"href":"https:\/\/encuentroinformativo.com.mx\/index.php?rest_route=\/wp\/v2\/types\/post"}],"author":[{"embeddable":true,"href":"https:\/\/encuentroinformativo.com.mx\/index.php?rest_route=\/wp\/v2\/users\/2476"}],"replies":[{"embeddable":true,"href":"https:\/\/encuentroinformativo.com.mx\/index.php?rest_route=%2Fwp%2Fv2%2Fcomments&post=65557"}],"version-history":[{"count":2,"href":"https:\/\/encuentroinformativo.com.mx\/index.php?rest_route=\/wp\/v2\/posts\/65557\/revisions"}],"predecessor-version":[{"id":65561,"href":"https:\/\/encuentroinformativo.com.mx\/index.php?rest_route=\/wp\/v2\/posts\/65557\/revisions\/65561"}],"wp:featuredmedia":[{"embeddable":true,"href":"https:\/\/encuentroinformativo.com.mx\/index.php?rest_route=\/wp\/v2\/media\/65559"}],"wp:attachment":[{"href":"https:\/\/encuentroinformativo.com.mx\/index.php?rest_route=%2Fwp%2Fv2%2Fmedia&parent=65557"}],"wp:term":[{"taxonomy":"category","embeddable":true,"href":"https:\/\/encuentroinformativo.com.mx\/index.php?rest_route=%2Fwp%2Fv2%2Fcategories&post=65557"},{"taxonomy":"post_tag","embeddable":true,"href":"https:\/\/encuentroinformativo.com.mx\/index.php?rest_route=%2Fwp%2Fv2%2Ftags&post=65557"}],"curies":[{"name":"wp","href":"https:\/\/api.w.org\/{rel}","templated":true}]}}