{"id":65562,"date":"2025-04-06T15:18:35","date_gmt":"2025-04-06T21:18:35","guid":{"rendered":"https:\/\/encuentroinformativo.com.mx\/?p=65562"},"modified":"2025-04-06T15:18:35","modified_gmt":"2025-04-06T21:18:35","slug":"la-era-digital-y-su-impacto-en-etapas-de-la-vida","status":"publish","type":"post","link":"https:\/\/encuentroinformativo.com.mx\/?p=65562","title":{"rendered":"La era digital y su impacto en etapas de la vida"},"content":{"rendered":"<p><strong>Columna de Opini\u00f3n<\/strong><\/p>\n<p><strong>Zaira Rosas<\/strong><\/p>\n<p>Cuando pienso que la era digital en realidad no es tan nueva, recuerdo que hace 20 a\u00f1os era impensable ver a ni\u00f1as y ni\u00f1os por todos lados con un celular, que los tel\u00e9fonos m\u00f3viles a\u00fan eran dispositivos sin acceso a internet y que apenas hace 18 a\u00f1os se present\u00f3 el primer iPhone, seguido en 2010 del primer iPad, no han pasado ni dos d\u00e9cadas, pero podr\u00edan parecer siglos si analizamos el uso de estas tecnolog\u00edas con las nuevas generaciones.<\/p>\n<p>Quienes nacieron despu\u00e9s de los dos mil, entienden perfectamente las diferencias entre cada plataforma digital, de ah\u00ed el \u00e9xito de saber crear contenido para distintas audiencias, por eso el sue\u00f1o de ser \u201cinfluencer\u201d se ve materializado principalmente en nuevas generaciones, su manera de relacionarse y de comunicar ha evolucionado y cada vez buscan m\u00e1s una vida r\u00e1pida, digital, con una capacidad de atenci\u00f3n limitada si algo no les interesa.<\/p>\n<p>Sin embargo, en medio de tantas brechas surgen tambi\u00e9n cuestionamientos que en ocasiones se muestran como prejuicios que terminan comparando las distintas eras que a cada generaci\u00f3n le toca vivir, de ah\u00ed que series como \u201cadolescencia\u201d nos puedan resultar inquietantes pues parece irreal imaginar a quien calificamos de casi infante de cometer un crimen atroz.<\/p>\n<p>No obstante, la producci\u00f3n m\u00e1s aclamada del momento viene con distintos recordatorios, el primero est\u00e1 en los v\u00ednculos familiares \u00bfqu\u00e9 tanto se han modificado por las pantallas? Y el segundo est\u00e1 en la influencia que los contenidos tienen sobre las personas en las distintas etapas.<\/p>\n<p>Las tendencias digitales son un tema digno de an\u00e1lisis, \u00bfseguimos cuentas porque abordan temas de inter\u00e9s? \u00bfo nos interesan estos temas gracias al exceso con el que se muestran en nuestras pantallas? El promedio de tiempo que utilizamos nuestros tel\u00e9fonos de manera semanal excede las 4 horas y se incrementa conforme disminuye el rango de edad, pareciera inofensivo imaginar a ni\u00f1os y j\u00f3venes entretenerse en un dispositivo m\u00f3vil, es casi similar a estar frente a un televisor, poco pensamos en el da\u00f1o que trae a la postura f\u00edsica, las modificaciones \u00f3seas que tenemos incluso en la mano por c\u00f3mo sujetamos el tel\u00e9fono y ni hablar de las reconfiguraciones neuronales que esto genera.<\/p>\n<p>No hablaremos si lo anterior es un beneficio o no, pero s\u00ed hablaremos de c\u00f3mo impacta en el entendimiento que tenemos del mundo y la manera de percibir la realidad. Tan solo si el contenido puede moldear creencias pol\u00edticas y perspectivas sobre temas coyunturales como se ha comprobado en m\u00faltiples elecciones a trav\u00e9s del an\u00e1lisis de votantes. \u00bfQu\u00e9 puede hacer a trav\u00e9s de nuevas generaciones? \u00bfc\u00f3mo influye en sus creencias y maneras de reaccionar ante el mundo?<\/p>\n<p>4 cap\u00edtulos de una serie, en este caso \u201cadolescencia\u201d bastan para cuestionar la era digital, donde la informaci\u00f3n se absorbe por tantos canales que puede distorsionar nuestra propia humanidad. Esta serie nos obliga a repensar la responsabilidad parental ante el uso de pantallas, pero tambi\u00e9n de manera social nos invita a tener acercamientos m\u00e1s humanos donde prestemos atenci\u00f3n a emociones no expresadas de ni\u00f1as y ni\u00f1os.<\/p>\n<p>Esta producci\u00f3n aborda el tema del acoso escolar y aunque deja de lado a la v\u00edctima y pone como protagonista al atacante, tambi\u00e9n nos muestra heridas no atendidas de quienes terminan rompiendo los espacios de estabilidad, en medio de retos y la necesidad de popularizarse quiz\u00e1s descuidamos a las infancias y su desarrollo dejando que olviden la necesidad de ser humanos y desarrollar algo tan b\u00e1sico como la empat\u00eda.<\/p>\n<p>No es casualidad que veamos videos de j\u00f3venes atacando a otros j\u00f3venes o que se vuelva tendencia el video de un adolescente caer por lo alto mientras sus compa\u00f1eros no hacen absolutamente nada, probablemente es momento de que dejemos por un rato las pantallas y veamos con claridad qu\u00e9 ocurre a nuestro alrededor, al final estos h\u00e1bitos de consumo surgen de la imitaci\u00f3n y el aprendizaje que tenemos en el entorno.<\/p>\n","protected":false},"excerpt":{"rendered":"<p>Columna de Opini\u00f3n Zaira Rosas Cuando pienso que la era digital en realidad no es tan nueva, recuerdo que hace 20 a\u00f1os era impensable ver a ni\u00f1as y ni\u00f1os por todos lados con un celular, que los tel\u00e9fonos m\u00f3viles a\u00fan eran dispositivos sin acceso a internet y que apenas hace 18 a\u00f1os se present\u00f3 el [&hellip;]<\/p>\n","protected":false},"author":2476,"featured_media":387,"comment_status":"open","ping_status":"open","sticky":false,"template":"","format":"standard","meta":{"_jetpack_memberships_contains_paid_content":false,"footnotes":""},"categories":[11],"tags":[],"class_list":["post-65562","post","type-post","status-publish","format-standard","has-post-thumbnail","hentry","category-opinion"],"jetpack_featured_media_url":"https:\/\/encuentroinformativo.com.mx\/wp-content\/uploads\/2020\/03\/7CF8A22B-2764-47BE-8F7F-38FE9E5D6A2F.jpeg","jetpack_sharing_enabled":true,"jetpack_likes_enabled":true,"amp_enabled":true,"_links":{"self":[{"href":"https:\/\/encuentroinformativo.com.mx\/index.php?rest_route=\/wp\/v2\/posts\/65562","targetHints":{"allow":["GET"]}}],"collection":[{"href":"https:\/\/encuentroinformativo.com.mx\/index.php?rest_route=\/wp\/v2\/posts"}],"about":[{"href":"https:\/\/encuentroinformativo.com.mx\/index.php?rest_route=\/wp\/v2\/types\/post"}],"author":[{"embeddable":true,"href":"https:\/\/encuentroinformativo.com.mx\/index.php?rest_route=\/wp\/v2\/users\/2476"}],"replies":[{"embeddable":true,"href":"https:\/\/encuentroinformativo.com.mx\/index.php?rest_route=%2Fwp%2Fv2%2Fcomments&post=65562"}],"version-history":[{"count":1,"href":"https:\/\/encuentroinformativo.com.mx\/index.php?rest_route=\/wp\/v2\/posts\/65562\/revisions"}],"predecessor-version":[{"id":65563,"href":"https:\/\/encuentroinformativo.com.mx\/index.php?rest_route=\/wp\/v2\/posts\/65562\/revisions\/65563"}],"wp:featuredmedia":[{"embeddable":true,"href":"https:\/\/encuentroinformativo.com.mx\/index.php?rest_route=\/wp\/v2\/media\/387"}],"wp:attachment":[{"href":"https:\/\/encuentroinformativo.com.mx\/index.php?rest_route=%2Fwp%2Fv2%2Fmedia&parent=65562"}],"wp:term":[{"taxonomy":"category","embeddable":true,"href":"https:\/\/encuentroinformativo.com.mx\/index.php?rest_route=%2Fwp%2Fv2%2Fcategories&post=65562"},{"taxonomy":"post_tag","embeddable":true,"href":"https:\/\/encuentroinformativo.com.mx\/index.php?rest_route=%2Fwp%2Fv2%2Ftags&post=65562"}],"curies":[{"name":"wp","href":"https:\/\/api.w.org\/{rel}","templated":true}]}}