{"id":65569,"date":"2025-04-06T15:56:29","date_gmt":"2025-04-06T21:56:29","guid":{"rendered":"https:\/\/encuentroinformativo.com.mx\/?p=65569"},"modified":"2025-04-06T15:56:29","modified_gmt":"2025-04-06T21:56:29","slug":"veracruz-ovaciona-a-miguel-bose-en-su-regreso-a-los-escenarios","status":"publish","type":"post","link":"https:\/\/encuentroinformativo.com.mx\/?p=65569","title":{"rendered":"Veracruz ovaciona a Miguel Bos\u00e9 en su regreso a los escenarios"},"content":{"rendered":"<p><strong>Alejandro \u00c1vila<\/strong><\/p>\n<p>Veracruz, Ver.- El cantante espa\u00f1ol Miguel Bos\u00e9 refrend\u00f3 sus cinco d\u00e9cadas de \u00e9xitos musicales en Veracruz al ofrecer un tremendo concierto que llev\u00f3 a su p\u00fablico a una monta\u00f1a rusa de emociones de principio a fin.<\/p>\n<p>\u201cImportante Tour\u201d de Miguel Bos\u00e9 se present\u00f3 con un contundente \u00e9xito la noche de este s\u00e1bado en el WTC, luego de algunos a\u00f1os de ausencia de los escenarios veracruzanos.<\/p>\n<p>El p\u00fablico se entreg\u00f3 y disfrut\u00f3 desde el primer momento los temas que Miguel Bos\u00e9 ha lanzado en sus d\u00e9cadas de trayectoria.<\/p>\n<p>\u201cMirarte\u201d, \u201cDuende\u201d, \u201cEl hijo del capit\u00e1n trueno\u201d y \u201cNena\u201d fueron las primeras canciones del setlist de \u201cImportante Tour\u201d de Miguel Bos\u00e9, que desde su aparici\u00f3n en el imponente escenario acapar\u00f3 los aplausos del respetable.<\/p>\n<p>Miguel Bos\u00e9, con m\u00e1s de 30 millones de \u00e1lbumes vendidos a lo largo de cinco d\u00e9cadas de trayectoria cautiv\u00f3 con este \u201cImportante Tour\u201d que es una oda a la m\u00fasica, al talento y al arte, estando cobijado por sus m\u00fasicos y coristas, adem\u00e1s luciendo un vestuario fuera de serie a lo largo del concierto.<\/p>\n<p>El punto clim\u00e1tico de la noche fue la aparici\u00f3n de Bos\u00e9 con un outfit con una cauda color rojo espectacular que abarcaba la mitad del escenario y en medio de una apote\u00f3sica ovaci\u00f3n cant\u00f3 la balada \u201cOlv\u00eddame t\u00fa\u201d y luego dar paso a \u201cSevilla\u201d, \u201cAmiga\u201d, \u201cCreo en ti\u201d y \u201cPartisano\u201d.<\/p>\n<p>El adorado espa\u00f1ol interactu\u00f3 con su p\u00fablico en repetidas ocasiones y puso de manifiesto la dicha que le daba estar de nueva cuenta en tierras veracruzanas y reencontrarse con su p\u00fablico siempre fiel a \u00e9l.<\/p>\n<p>Otras canciones que conformaron el setlist de \u201cImportante Tour\u201d fueron: \u201cAire soy\u201d, \u201cBamb\u00fa\u201d, \u201cEste mundo va\u201d, \u201cSereno\u201d, \u201cSolo si\u201d, \u201cHacer por hacer\u201d, \u201cComo un lobo\u201d, \u201cY puede que\u201d, \u201cMorena m\u00eda\u201d, \u201cSi t\u00fa no vuelves\u201d.<\/p>\n<p>La \u00faltima parte del show incluy\u00f3 los temas m\u00e1s esperados de la noche: \u201cAmante Bandido\u201d, \u201cTe amar\u00e9\u201d, \u201cDon diablo\u201d y \u201cPor ti\u201d, con las que cerr\u00f3 luego de dos horas de concierto.<\/p>\n<p>Miguel Bos\u00e9 regres\u00f3 a lo grande y lo hizo en Veracruz.<\/p>\n<p><img loading=\"lazy\" decoding=\"async\" class=\"alignnone size-medium wp-image-65571\" src=\"https:\/\/encuentroinformativo.com.mx\/wp-content\/uploads\/2025\/04\/IMG-20250406-WA01062-300x200.jpg\" alt=\"\" width=\"300\" height=\"200\" srcset=\"https:\/\/encuentroinformativo.com.mx\/wp-content\/uploads\/2025\/04\/IMG-20250406-WA01062-300x200.jpg 300w, https:\/\/encuentroinformativo.com.mx\/wp-content\/uploads\/2025\/04\/IMG-20250406-WA01062-1024x682.jpg 1024w, https:\/\/encuentroinformativo.com.mx\/wp-content\/uploads\/2025\/04\/IMG-20250406-WA01062-768x512.jpg 768w, https:\/\/encuentroinformativo.com.mx\/wp-content\/uploads\/2025\/04\/IMG-20250406-WA01062-1536x1023.jpg 1536w, https:\/\/encuentroinformativo.com.mx\/wp-content\/uploads\/2025\/04\/IMG-20250406-WA01062.jpg 1600w\" sizes=\"auto, (max-width: 300px) 100vw, 300px\" \/><\/p>\n","protected":false},"excerpt":{"rendered":"<p>Alejandro \u00c1vila Veracruz, Ver.- El cantante espa\u00f1ol Miguel Bos\u00e9 refrend\u00f3 sus cinco d\u00e9cadas de \u00e9xitos musicales en Veracruz al ofrecer un tremendo concierto que llev\u00f3 a su p\u00fablico a una monta\u00f1a rusa de emociones de principio a fin. \u201cImportante Tour\u201d de Miguel Bos\u00e9 se present\u00f3 con un contundente \u00e9xito la noche de este s\u00e1bado en [&hellip;]<\/p>\n","protected":false},"author":2476,"featured_media":65570,"comment_status":"open","ping_status":"open","sticky":false,"template":"","format":"standard","meta":{"_jetpack_memberships_contains_paid_content":false,"footnotes":""},"categories":[2],"tags":[],"class_list":["post-65569","post","type-post","status-publish","format-standard","has-post-thumbnail","hentry","category-estado"],"jetpack_featured_media_url":"https:\/\/encuentroinformativo.com.mx\/wp-content\/uploads\/2025\/04\/IMG-20250406-WA01042.jpg","jetpack_sharing_enabled":true,"jetpack_likes_enabled":true,"amp_enabled":true,"_links":{"self":[{"href":"https:\/\/encuentroinformativo.com.mx\/index.php?rest_route=\/wp\/v2\/posts\/65569","targetHints":{"allow":["GET"]}}],"collection":[{"href":"https:\/\/encuentroinformativo.com.mx\/index.php?rest_route=\/wp\/v2\/posts"}],"about":[{"href":"https:\/\/encuentroinformativo.com.mx\/index.php?rest_route=\/wp\/v2\/types\/post"}],"author":[{"embeddable":true,"href":"https:\/\/encuentroinformativo.com.mx\/index.php?rest_route=\/wp\/v2\/users\/2476"}],"replies":[{"embeddable":true,"href":"https:\/\/encuentroinformativo.com.mx\/index.php?rest_route=%2Fwp%2Fv2%2Fcomments&post=65569"}],"version-history":[{"count":1,"href":"https:\/\/encuentroinformativo.com.mx\/index.php?rest_route=\/wp\/v2\/posts\/65569\/revisions"}],"predecessor-version":[{"id":65572,"href":"https:\/\/encuentroinformativo.com.mx\/index.php?rest_route=\/wp\/v2\/posts\/65569\/revisions\/65572"}],"wp:featuredmedia":[{"embeddable":true,"href":"https:\/\/encuentroinformativo.com.mx\/index.php?rest_route=\/wp\/v2\/media\/65570"}],"wp:attachment":[{"href":"https:\/\/encuentroinformativo.com.mx\/index.php?rest_route=%2Fwp%2Fv2%2Fmedia&parent=65569"}],"wp:term":[{"taxonomy":"category","embeddable":true,"href":"https:\/\/encuentroinformativo.com.mx\/index.php?rest_route=%2Fwp%2Fv2%2Fcategories&post=65569"},{"taxonomy":"post_tag","embeddable":true,"href":"https:\/\/encuentroinformativo.com.mx\/index.php?rest_route=%2Fwp%2Fv2%2Ftags&post=65569"}],"curies":[{"name":"wp","href":"https:\/\/api.w.org\/{rel}","templated":true}]}}