{"id":65581,"date":"2025-04-07T13:49:19","date_gmt":"2025-04-07T19:49:19","guid":{"rendered":"https:\/\/encuentroinformativo.com.mx\/?p=65581"},"modified":"2025-04-07T13:49:19","modified_gmt":"2025-04-07T19:49:19","slug":"activan-proyecto-para-crianza-de-mojarras-en-lagunas-de-veracruz-puerto","status":"publish","type":"post","link":"https:\/\/encuentroinformativo.com.mx\/?p=65581","title":{"rendered":"Activan proyecto para crianza de mojarras en lagunas de Veracruz puerto"},"content":{"rendered":"<p><strong>Alejandro \u00c1vila<\/strong><\/p>\n<p>Veracruz, Ver.- A partir de este 2025 se inici\u00f3 con un proyecto para la crianza de mojarra en los cuerpos de agua del Sistema Lagunar Interdunario del municipio de Veracruz, inform\u00f3 Nicol\u00e1s Rivera Dom\u00ednguez, l\u00edder pesquero de la zona de ampliaci\u00f3n del puerto.<\/p>\n<p>En primera instancia, el proyecto que se coordin\u00f3 con la activista ambiental, Beatriz Sol\u00eds, inici\u00f3 en la Laguna de El Coyol, donde en un lapso de tres meses se estima que haya una sustentabilidad para almacenar una o dos toneladas de mojarra.<\/p>\n<p>&#8220;La reproducci\u00f3n se va a trabajar para que cada tres meses o cuatro sacar una producci\u00f3n adecuada de captura de mojarra, ahorita la tenemos en cuarentena, estamos haciendo pruebas, necesitamos sacarle laceraci\u00f3n de tierra para darle m\u00e1s profundidad y tener m\u00e1s controlada la laguna (&#8230;) es mojarra tilapia y hay mojarra que nativa de aqu\u00ed, que es la que hay, mojarra roja tambi\u00e9n tenemos&#8221;, expres\u00f3.<\/p>\n<p>En este proyecto inicial trabajan siete pescadores, los cuales se turnan para cuidar la laguna y limpiarla.<\/p>\n<p>&#8220;El proyecto se va a extender a otras lagunas y eso ser\u00eda un buen ejemplo tambi\u00e9n porque nos servir\u00eda para que d\u00e1ndole mayor profundidad de agua haga m\u00e1s captura de agua cuando llueve y no nos inundemos en Veracruz, esa es la perspectiva de la Laguna y el desarrollo de trabajo que tenemos que tener para que no nos inundemos y ayudar un poco en la contaminaci\u00f3n&#8221;, subray\u00f3.<\/p>\n<p>La laguna de Lagartos y la laguna de Tarimoya seguir\u00edan en el proyecto, para posteriormente completar los siete cuerpos de agua que conforman el Sistema Lagunar Interdinario del Puerto de Veracruz.<\/p>\n<p>&#8220;La primera producci\u00f3n siento que ya en dos meses, los vamos a invitar para que vean que cantidad tiene y el volumen y el peso espec\u00edfico (&#8230;) se empezar\u00eda a comercializar y se empezar\u00eda a buscar las partes de apertura para esta producci\u00f3n&#8221;, remat\u00f3.<\/p>\n","protected":false},"excerpt":{"rendered":"<p>Alejandro \u00c1vila Veracruz, Ver.- A partir de este 2025 se inici\u00f3 con un proyecto para la crianza de mojarra en los cuerpos de agua del Sistema Lagunar Interdunario del municipio de Veracruz, inform\u00f3 Nicol\u00e1s Rivera Dom\u00ednguez, l\u00edder pesquero de la zona de ampliaci\u00f3n del puerto. En primera instancia, el proyecto que se coordin\u00f3 con la [&hellip;]<\/p>\n","protected":false},"author":2476,"featured_media":65582,"comment_status":"open","ping_status":"open","sticky":false,"template":"","format":"standard","meta":{"_jetpack_memberships_contains_paid_content":false,"footnotes":""},"categories":[2],"tags":[],"class_list":["post-65581","post","type-post","status-publish","format-standard","has-post-thumbnail","hentry","category-estado"],"jetpack_featured_media_url":"https:\/\/encuentroinformativo.com.mx\/wp-content\/uploads\/2025\/04\/IMG-20250407-WA0117.jpg","jetpack_sharing_enabled":true,"jetpack_likes_enabled":true,"amp_enabled":true,"_links":{"self":[{"href":"https:\/\/encuentroinformativo.com.mx\/index.php?rest_route=\/wp\/v2\/posts\/65581","targetHints":{"allow":["GET"]}}],"collection":[{"href":"https:\/\/encuentroinformativo.com.mx\/index.php?rest_route=\/wp\/v2\/posts"}],"about":[{"href":"https:\/\/encuentroinformativo.com.mx\/index.php?rest_route=\/wp\/v2\/types\/post"}],"author":[{"embeddable":true,"href":"https:\/\/encuentroinformativo.com.mx\/index.php?rest_route=\/wp\/v2\/users\/2476"}],"replies":[{"embeddable":true,"href":"https:\/\/encuentroinformativo.com.mx\/index.php?rest_route=%2Fwp%2Fv2%2Fcomments&post=65581"}],"version-history":[{"count":1,"href":"https:\/\/encuentroinformativo.com.mx\/index.php?rest_route=\/wp\/v2\/posts\/65581\/revisions"}],"predecessor-version":[{"id":65583,"href":"https:\/\/encuentroinformativo.com.mx\/index.php?rest_route=\/wp\/v2\/posts\/65581\/revisions\/65583"}],"wp:featuredmedia":[{"embeddable":true,"href":"https:\/\/encuentroinformativo.com.mx\/index.php?rest_route=\/wp\/v2\/media\/65582"}],"wp:attachment":[{"href":"https:\/\/encuentroinformativo.com.mx\/index.php?rest_route=%2Fwp%2Fv2%2Fmedia&parent=65581"}],"wp:term":[{"taxonomy":"category","embeddable":true,"href":"https:\/\/encuentroinformativo.com.mx\/index.php?rest_route=%2Fwp%2Fv2%2Fcategories&post=65581"},{"taxonomy":"post_tag","embeddable":true,"href":"https:\/\/encuentroinformativo.com.mx\/index.php?rest_route=%2Fwp%2Fv2%2Ftags&post=65581"}],"curies":[{"name":"wp","href":"https:\/\/api.w.org\/{rel}","templated":true}]}}