{"id":65584,"date":"2025-04-07T13:58:29","date_gmt":"2025-04-07T19:58:29","guid":{"rendered":"https:\/\/encuentroinformativo.com.mx\/?p=65584"},"modified":"2025-04-07T13:58:29","modified_gmt":"2025-04-07T19:58:29","slug":"alumnos-piden-reinstalacion-de-maestra-en-la-primaria-diaz-miron","status":"publish","type":"post","link":"https:\/\/encuentroinformativo.com.mx\/?p=65584","title":{"rendered":"Alumnos piden reinstalaci\u00f3n de maestra en la primaria &#8220;D\u00edaz Mir\u00f3n&#8221;"},"content":{"rendered":"<p><strong>Dar\u00edo Pale<\/strong><\/p>\n<p>Xalapa, Ver.- Ahora fueron los alumnos los que se manifestaron a las afueras de la escuela \u201cSalvador D\u00edaz Mir\u00f3n&#8221; para pedir que les regresen a su maestra Irma a quien retiraron de su cargo hace unos d\u00edas al parecer sin motivo alguno.<\/p>\n<p>Los alumnos se manifestaron afuera de las instalaciones del plantel para exigir el regreso de la maestra Irma Contreras Gonz\u00e1lez, quien fue retirada de su cargo recientemente por motivos que a\u00fan no han sido aclarados por las autoridades educativas.<\/p>\n<p>Durante la manifestaci\u00f3n los infantes fueron acompa\u00f1ados de sus padres y de sus madres para estar al pendiente de sus hijos, los cuales portaban algunas pancartas con mensajes de apoyo a la docente y expresaron su inconformidad ante lo que califican como una decisi\u00f3n injusta.<\/p>\n<p>\u201cQueremos a la maestra Irma de regreso\u201d, \u201cNo es lo mismo sin ella\u201d, y \u201cLa educaci\u00f3n tambi\u00e9n es respeto\u201d, fueron algunas de las consignas que se leyeron durante la protesta pac\u00edfica, en las pancartas.<\/p>\n<p>Los manifestantes se\u00f1alaron que la maestra Irma es una figura clave en la formaci\u00f3n acad\u00e9mica y emocional de los ni\u00f1os, ya que ha demostrado compromiso, empat\u00eda y dedicaci\u00f3n en su labor docente.<\/p>\n<p>Los padres de familia tambi\u00e9n hicieron un llamado a las autoridades de la Secretar\u00eda de Educaci\u00f3n para que se revise el caso y se transparente el motivo de su separaci\u00f3n del grupo.<\/p>\n<p>Hasta el momento, no se ha emitido un comunicado oficial por parte de la direcci\u00f3n del plantel ni de las autoridades educativas correspondientes.<\/p>\n","protected":false},"excerpt":{"rendered":"<p>Dar\u00edo Pale Xalapa, Ver.- Ahora fueron los alumnos los que se manifestaron a las afueras de la escuela \u201cSalvador D\u00edaz Mir\u00f3n&#8221; para pedir que les regresen a su maestra Irma a quien retiraron de su cargo hace unos d\u00edas al parecer sin motivo alguno. Los alumnos se manifestaron afuera de las instalaciones del plantel para [&hellip;]<\/p>\n","protected":false},"author":2476,"featured_media":65585,"comment_status":"open","ping_status":"open","sticky":false,"template":"","format":"standard","meta":{"_jetpack_memberships_contains_paid_content":false,"footnotes":""},"categories":[3],"tags":[],"class_list":["post-65584","post","type-post","status-publish","format-standard","has-post-thumbnail","hentry","category-xalapa"],"jetpack_featured_media_url":"https:\/\/encuentroinformativo.com.mx\/wp-content\/uploads\/2025\/04\/IMG-20250407-WA0167.jpg","jetpack_sharing_enabled":true,"jetpack_likes_enabled":true,"amp_enabled":true,"_links":{"self":[{"href":"https:\/\/encuentroinformativo.com.mx\/index.php?rest_route=\/wp\/v2\/posts\/65584","targetHints":{"allow":["GET"]}}],"collection":[{"href":"https:\/\/encuentroinformativo.com.mx\/index.php?rest_route=\/wp\/v2\/posts"}],"about":[{"href":"https:\/\/encuentroinformativo.com.mx\/index.php?rest_route=\/wp\/v2\/types\/post"}],"author":[{"embeddable":true,"href":"https:\/\/encuentroinformativo.com.mx\/index.php?rest_route=\/wp\/v2\/users\/2476"}],"replies":[{"embeddable":true,"href":"https:\/\/encuentroinformativo.com.mx\/index.php?rest_route=%2Fwp%2Fv2%2Fcomments&post=65584"}],"version-history":[{"count":1,"href":"https:\/\/encuentroinformativo.com.mx\/index.php?rest_route=\/wp\/v2\/posts\/65584\/revisions"}],"predecessor-version":[{"id":65586,"href":"https:\/\/encuentroinformativo.com.mx\/index.php?rest_route=\/wp\/v2\/posts\/65584\/revisions\/65586"}],"wp:featuredmedia":[{"embeddable":true,"href":"https:\/\/encuentroinformativo.com.mx\/index.php?rest_route=\/wp\/v2\/media\/65585"}],"wp:attachment":[{"href":"https:\/\/encuentroinformativo.com.mx\/index.php?rest_route=%2Fwp%2Fv2%2Fmedia&parent=65584"}],"wp:term":[{"taxonomy":"category","embeddable":true,"href":"https:\/\/encuentroinformativo.com.mx\/index.php?rest_route=%2Fwp%2Fv2%2Fcategories&post=65584"},{"taxonomy":"post_tag","embeddable":true,"href":"https:\/\/encuentroinformativo.com.mx\/index.php?rest_route=%2Fwp%2Fv2%2Ftags&post=65584"}],"curies":[{"name":"wp","href":"https:\/\/api.w.org\/{rel}","templated":true}]}}