{"id":6559,"date":"2020-10-05T16:32:29","date_gmt":"2020-10-05T21:32:29","guid":{"rendered":"https:\/\/encuentroinformativo.com.mx\/?p=6559"},"modified":"2020-10-05T16:32:32","modified_gmt":"2020-10-05T21:32:32","slug":"con-bloqueo-demandan-aparicion-de-maria-fernanda-y-su-pequena-hija","status":"publish","type":"post","link":"https:\/\/encuentroinformativo.com.mx\/?p=6559","title":{"rendered":"Con bloqueo, demandan aparici\u00f3n de Mar\u00eda Fernanda y su peque\u00f1a hija"},"content":{"rendered":"\n<p><strong>Alejandro \u00c1vila<\/strong><\/p>\n\n\n\n<p>Boca del R\u00edo, Ver.- El pasado 29 de septiembre, Mar\u00eda Fernanda Vida\u00f1a Guzm\u00e1n de 21 a\u00f1os sali\u00f3 con su hija Emily Guadalupe Vida\u00f1a Guzm\u00e1n de apenas un a\u00f1o de edad, salieron por la noche a comprar leche a la tienda en la localidad de Paso del Toro, municipio de Medell\u00edn de Bravo, esta fue la \u00faltima vez que familiares y amigos supieron de ellas.<\/p>\n\n\n\n<p>La se\u00f1ora Catalina Guzm\u00e1n Campos, t\u00eda de Mar\u00eda Fernanda pidi\u00f3 a la poblaci\u00f3n que si saben algo de su paradero se comuniquen con ellos inmediatamente, pues ya han pasado siete d\u00edas y la angustia por no saber de ellas, crece.<\/p>\n\n\n\n<p>Horas despu\u00e9s de su desaparici\u00f3n acudieron a la Fiscal\u00eda General del Estado para dar conocimiento de los sucedi\u00f3 y estas les mencionan d\u00eda con d\u00eda que la investigaci\u00f3n est\u00e1 en proceso, pero consideran poco o nada est\u00e1n haciendo por encontrarlas.<\/p>\n\n\n\n<p>\u201cQue la investigaci\u00f3n est\u00e1 en proceso, que todav\u00eda no tienen ning\u00fan dato y que ellos est\u00e1n trabajado, es lo que nos han comentado (\u2026) queremos saber informaci\u00f3n, queremos saber c\u00f3mo se est\u00e1 trabajando, nos dicen estamos trabajando pero no tenemos un dato en s\u00ed\u201d, apunt\u00f3 Catalina Guzm\u00e1n.<\/p>\n\n\n\n<p>Con la desesperaci\u00f3n por no conocer el paradero de sus familiares, este lunes 5 de octubre decidieron viajar al municipio vecino, Boca del Rio, para bloquear parcialmente con lonas que tienen datos de las desaparecidas, el bulevar Miguel Alem\u00e1n, a la altura del Palacio Municipal, pues consideraron es la \u00fanica forma en que ser\u00edan tomados en cuenta.<\/p>\n\n\n\n<p>Mientras la manifestaci\u00f3n se llevaba a cabo, la se\u00f1ora Ofelia Guzm\u00e1n Campos, madre y abuela de las desaparecidas, se encontraba en la Fiscal\u00eda General del Estado solicitando informes. Aclararon que dependiendo de lo obtenido, valorar\u00e1n si en pr\u00f3ximos d\u00edas bloquean la carretera federal 180 a la altura de la localidad de Paso del Toro, pero con un contingente importante para ejercer m\u00e1s presi\u00f3n.<\/p>\n","protected":false},"excerpt":{"rendered":"<p>Alejandro \u00c1vila Boca del R\u00edo, Ver.- El pasado 29 de septiembre, Mar\u00eda Fernanda Vida\u00f1a Guzm\u00e1n de 21 a\u00f1os sali\u00f3 con su hija Emily Guadalupe Vida\u00f1a Guzm\u00e1n de apenas un a\u00f1o de edad, salieron por la noche a comprar leche a la tienda en la localidad de Paso del Toro, municipio de Medell\u00edn de Bravo, esta [&hellip;]<\/p>\n","protected":false},"author":1,"featured_media":6560,"comment_status":"open","ping_status":"open","sticky":false,"template":"","format":"standard","meta":{"_jetpack_memberships_contains_paid_content":false,"footnotes":""},"categories":[2],"tags":[],"class_list":["post-6559","post","type-post","status-publish","format-standard","has-post-thumbnail","hentry","category-estado"],"jetpack_featured_media_url":"https:\/\/encuentroinformativo.com.mx\/wp-content\/uploads\/2020\/10\/786276DF-7031-4684-B5F6-0AA5BE8865BD.jpeg","jetpack_sharing_enabled":true,"jetpack_likes_enabled":true,"amp_enabled":true,"_links":{"self":[{"href":"https:\/\/encuentroinformativo.com.mx\/index.php?rest_route=\/wp\/v2\/posts\/6559","targetHints":{"allow":["GET"]}}],"collection":[{"href":"https:\/\/encuentroinformativo.com.mx\/index.php?rest_route=\/wp\/v2\/posts"}],"about":[{"href":"https:\/\/encuentroinformativo.com.mx\/index.php?rest_route=\/wp\/v2\/types\/post"}],"author":[{"embeddable":true,"href":"https:\/\/encuentroinformativo.com.mx\/index.php?rest_route=\/wp\/v2\/users\/1"}],"replies":[{"embeddable":true,"href":"https:\/\/encuentroinformativo.com.mx\/index.php?rest_route=%2Fwp%2Fv2%2Fcomments&post=6559"}],"version-history":[{"count":1,"href":"https:\/\/encuentroinformativo.com.mx\/index.php?rest_route=\/wp\/v2\/posts\/6559\/revisions"}],"predecessor-version":[{"id":6561,"href":"https:\/\/encuentroinformativo.com.mx\/index.php?rest_route=\/wp\/v2\/posts\/6559\/revisions\/6561"}],"wp:featuredmedia":[{"embeddable":true,"href":"https:\/\/encuentroinformativo.com.mx\/index.php?rest_route=\/wp\/v2\/media\/6560"}],"wp:attachment":[{"href":"https:\/\/encuentroinformativo.com.mx\/index.php?rest_route=%2Fwp%2Fv2%2Fmedia&parent=6559"}],"wp:term":[{"taxonomy":"category","embeddable":true,"href":"https:\/\/encuentroinformativo.com.mx\/index.php?rest_route=%2Fwp%2Fv2%2Fcategories&post=6559"},{"taxonomy":"post_tag","embeddable":true,"href":"https:\/\/encuentroinformativo.com.mx\/index.php?rest_route=%2Fwp%2Fv2%2Ftags&post=6559"}],"curies":[{"name":"wp","href":"https:\/\/api.w.org\/{rel}","templated":true}]}}