{"id":65612,"date":"2025-04-08T11:36:42","date_gmt":"2025-04-08T17:36:42","guid":{"rendered":"https:\/\/encuentroinformativo.com.mx\/?p=65612"},"modified":"2025-04-08T11:36:42","modified_gmt":"2025-04-08T17:36:42","slug":"salud-y-los-intoxicados","status":"publish","type":"post","link":"https:\/\/encuentroinformativo.com.mx\/?p=65612","title":{"rendered":"SALUD Y LOS INTOXICADOS!"},"content":{"rendered":"<p dir=\"ltr\"><strong>Los Pol\u00edticos<\/strong><\/p>\n<p dir=\"ltr\"><strong>Salvador Mu\u00f1oz<\/strong><\/p>\n<p dir=\"ltr\">El domingo pasado, los enfermos se enfermaron. Suena parad\u00f3jico, absurdo, surrealista, pero as\u00ed fue. Once pacientes del Hospital de Alta Especialidad de Veracruz se intoxicaron con alimentos de mala calidad y en estado de descomposici\u00f3n.<\/p>\n<p dir=\"ltr\">De esos once pacientes, hay una mujer cuyo estado de salud todav\u00eda se complic\u00f3 m\u00e1s al presentar un cuadro de gastroenteritis cr\u00f3nico agudo\u2026 al menos hasta el lunes, estaba delicada.<\/p>\n<p dir=\"ltr\">Por supuesto, los ojos fueron puestos sobre la empresa encargada de preparar los alimentos en el HAEV: Caf\u00e9 Bersa.<\/p>\n<p dir=\"ltr\">Sin decir agua va, la Comisi\u00f3n Federal para la Protecci\u00f3n contra Riesgos Sanitarios (Cofepris) se hizo presente y tras una exhaustiva investigaci\u00f3n que el caso ameritaba, dictamin\u00f3 la suspensi\u00f3n del servicio a esta empresa.<\/p>\n<p dir=\"ltr\">Hasta aqu\u00ed podr\u00eda culminar un episodio lamentable en el Hospital jarocho, pero no\u2026<\/p>\n<p dir=\"ltr\">Hubo que rascarle un poco para descubrir un dato interesante: La vinculaci\u00f3n entre esta empresa y el anterior administrativo de Salud, Jorge Eduardo Sisniega.<\/p>\n<p dir=\"ltr\">Uno espera que luego de este terrible caso de intoxicaci\u00f3n en el Hospital de Alta Especialidad de Veracruz, el Director Administrativo de SSA, Jos\u00e9 David Rangel Zerme\u00f1o, ya corte por lo sano este cord\u00f3n umbilical de Sisniega dentro de los hospitales, porque a como van las cosas, ya se est\u00e1 gangrenando\u2026 y ojo, si no se trata a tiempo, puede ser salir contaminado el mismo Rangel.<\/p>\n<p dir=\"ltr\">La l\u00f3gica obliga a pensar que por Salud, tanto de \u00e9l como de la Instituci\u00f3n, Rangel Zerme\u00f1o tiene que terminar ya esos contratos ligados a Jorge Eduardo Sisniega.<\/p>\n<p dir=\"ltr\">Tampoco hay que olvidar que el Hospital de Alta Especialidad de Veracruz es parte de IMSS-Bienestar, all\u00e1 donde la Doctora Romana Guti\u00e9rrez Polo termina siendo el hilo m\u00e1s delgado de esta historia, pues su cercan\u00eda con Sisniega ha permitido que todos los hospitales que trabajan bajo el esquema IMSS-Bienestar, est\u00e9n al borde del colapso.<\/p>\n<p dir=\"ltr\">La cuasi tragedia del domingo no s\u00f3lo expone a una instituci\u00f3n carente de medicamentos, sino tambi\u00e9n a una direcci\u00f3n administrativa que no deber\u00eda darse el lujo de presentar este tipo de fallas y menos en el tema de alimentos a pacientes.<\/p>\n<p dir=\"ltr\">Y ojo, el secretario Valent\u00edn Herrera Alarc\u00f3n tuvo que entrar oootra vez al quite ahora en este tema, pues ese mismo domingo, se tomaron acciones emergentes y tajantes como citamos l\u00edneas arriba: Lleg\u00f3 Cofepris sin decir agua va, y tras su inspecci\u00f3n exhaustiva, dictamin\u00f3 la suspensi\u00f3n del servicio a la empresa \u201cCaf\u00e9 Bersa\u201d.<\/p>\n<p dir=\"ltr\">Qu\u00e9 bueno que act\u00fae Valent\u00edn Herrera, pero es titular de Salud y a como van las cosas, ya parece \u201cBombero de Salud\u201d, porque para solventar la suspensi\u00f3n de \u201cCaf\u00e9 Bersa\u201d, orden\u00f3 la activaci\u00f3n de camiones tipo Food Trucks, para garantizar el abasto de alimentos a por los menos 400 pacientes y 200 empleados, entre ellos m\u00e9dicos y enfermeras.<\/p>\n<p dir=\"ltr\">Por cierto, este hospital\u00a0 junto con la Torre Pedi\u00e1trica fueron supervisados por la Gobernadora donde reiter\u00f3 su compromiso por adecuar el tema de las cocinas, mismas que se encuentran concesionadas pero que considera, deben formar parte de la plantilla de trabajadores de los hospitales.<\/p>\n<p dir=\"ltr\">Aqu\u00ed ya hay que cortar de tajo\u2026 o act\u00faa Rangel Zerme\u00f1o, o act\u00faa Valent\u00edn Herrera o act\u00faa la Gobernadora, o act\u00faan los tres, pero algo se tiene que hacer ya en Salud\u2026<\/p>\n<p dir=\"ltr\">PD De acuerdo a datos proporcionados por empleados del HAEV, Cofepris mantiene vigilancia epidemiol\u00f3gica permanente\u2026 no quieren que se vuelva a suscitar otro caso como el del domingo\u2026<\/p>\n","protected":false},"excerpt":{"rendered":"<p>Los Pol\u00edticos Salvador Mu\u00f1oz El domingo pasado, los enfermos se enfermaron. Suena parad\u00f3jico, absurdo, surrealista, pero as\u00ed fue. Once pacientes del Hospital de Alta Especialidad de Veracruz se intoxicaron con alimentos de mala calidad y en estado de descomposici\u00f3n. De esos once pacientes, hay una mujer cuyo estado de salud todav\u00eda se complic\u00f3 m\u00e1s al [&hellip;]<\/p>\n","protected":false},"author":2476,"featured_media":387,"comment_status":"open","ping_status":"open","sticky":false,"template":"","format":"standard","meta":{"_jetpack_memberships_contains_paid_content":false,"footnotes":""},"categories":[11],"tags":[],"class_list":["post-65612","post","type-post","status-publish","format-standard","has-post-thumbnail","hentry","category-opinion"],"jetpack_featured_media_url":"https:\/\/encuentroinformativo.com.mx\/wp-content\/uploads\/2020\/03\/7CF8A22B-2764-47BE-8F7F-38FE9E5D6A2F.jpeg","jetpack_sharing_enabled":true,"jetpack_likes_enabled":true,"amp_enabled":true,"_links":{"self":[{"href":"https:\/\/encuentroinformativo.com.mx\/index.php?rest_route=\/wp\/v2\/posts\/65612","targetHints":{"allow":["GET"]}}],"collection":[{"href":"https:\/\/encuentroinformativo.com.mx\/index.php?rest_route=\/wp\/v2\/posts"}],"about":[{"href":"https:\/\/encuentroinformativo.com.mx\/index.php?rest_route=\/wp\/v2\/types\/post"}],"author":[{"embeddable":true,"href":"https:\/\/encuentroinformativo.com.mx\/index.php?rest_route=\/wp\/v2\/users\/2476"}],"replies":[{"embeddable":true,"href":"https:\/\/encuentroinformativo.com.mx\/index.php?rest_route=%2Fwp%2Fv2%2Fcomments&post=65612"}],"version-history":[{"count":1,"href":"https:\/\/encuentroinformativo.com.mx\/index.php?rest_route=\/wp\/v2\/posts\/65612\/revisions"}],"predecessor-version":[{"id":65613,"href":"https:\/\/encuentroinformativo.com.mx\/index.php?rest_route=\/wp\/v2\/posts\/65612\/revisions\/65613"}],"wp:featuredmedia":[{"embeddable":true,"href":"https:\/\/encuentroinformativo.com.mx\/index.php?rest_route=\/wp\/v2\/media\/387"}],"wp:attachment":[{"href":"https:\/\/encuentroinformativo.com.mx\/index.php?rest_route=%2Fwp%2Fv2%2Fmedia&parent=65612"}],"wp:term":[{"taxonomy":"category","embeddable":true,"href":"https:\/\/encuentroinformativo.com.mx\/index.php?rest_route=%2Fwp%2Fv2%2Fcategories&post=65612"},{"taxonomy":"post_tag","embeddable":true,"href":"https:\/\/encuentroinformativo.com.mx\/index.php?rest_route=%2Fwp%2Fv2%2Ftags&post=65612"}],"curies":[{"name":"wp","href":"https:\/\/api.w.org\/{rel}","templated":true}]}}