{"id":65615,"date":"2025-04-08T12:09:58","date_gmt":"2025-04-08T18:09:58","guid":{"rendered":"https:\/\/encuentroinformativo.com.mx\/?p=65615"},"modified":"2025-04-08T12:09:58","modified_gmt":"2025-04-08T18:09:58","slug":"frente-frio-deja-arboles-y-ramas-caidas-en-xalapa","status":"publish","type":"post","link":"https:\/\/encuentroinformativo.com.mx\/?p=65615","title":{"rendered":"Frente fr\u00edo deja \u00e1rboles y ramas ca\u00eddas en Xalapa"},"content":{"rendered":"<p><strong>Dar\u00edo Pale<\/strong><\/p>\n<p>Xalapa, Ver.- El director de Protecci\u00f3n Civil Municipal, Ricardo Fonseca Mart\u00ednez dio a conocer que por lo menos diez \u00e1rboles y varias ramas han ca\u00eddo en distintas zonas de Xalapa a consecuencia de los efectos del Frente Fr\u00edo n\u00famero 37.<\/p>\n<p>La ma\u00f1ana de este martes cay\u00f3 una rama de una jacaranda en el parque Ju\u00e1rez, en el centro de la ciudad, que da\u00f1\u00f3 el barandal de este c\u00e9ntrico espacio, frente al palacio municipal, sin causar lesionados, solo dos taxis resultaron levemente afectados.<\/p>\n<p>Personal de Protecci\u00f3n Civil acudi\u00f3 a retirar estas ramas y \u00e1rboles en otros puntos de la ciudad para que la vialidad no sea afectada.<\/p>\n<p>Respecto a las lluvias y el descenso de la temperatura, dijo que si bien, estas lluvias favorecieron a mitigar los incendios de pastizal registrados en la ciudad, as\u00ed como la sequ\u00eda, se debe poner atenci\u00f3n ante posibles deslizamientos.<\/p>\n<p>Hasta ahora se estiman acumulados de lluvias de 12 a 15 mil\u00edmetros desde el domingo que entr\u00f3 este nuevo frente fr\u00edo.<\/p>\n<p>Tras el paso de este frente llegar\u00e1 de nuevo una ola de calor, pues se estima que este mi\u00e9rcoles cambien las condiciones del tiempo y llegue de nuevo la sequ\u00eda.<\/p>\n<p>Finalmente se\u00f1al\u00f3, &#8220;por onda de calor, hidratarse correctamente, salir con ropa ligera y de preferencia con sombrero o gorra para que el impacto no sea mayor&#8221; dijo.<\/p>\n<p><img loading=\"lazy\" decoding=\"async\" class=\"alignnone size-medium wp-image-65617\" src=\"https:\/\/encuentroinformativo.com.mx\/wp-content\/uploads\/2025\/04\/IMG-20250408-WA0095-300x225.jpg\" alt=\"\" width=\"300\" height=\"225\" srcset=\"https:\/\/encuentroinformativo.com.mx\/wp-content\/uploads\/2025\/04\/IMG-20250408-WA0095-300x225.jpg 300w, https:\/\/encuentroinformativo.com.mx\/wp-content\/uploads\/2025\/04\/IMG-20250408-WA0095-1024x768.jpg 1024w, https:\/\/encuentroinformativo.com.mx\/wp-content\/uploads\/2025\/04\/IMG-20250408-WA0095-768x576.jpg 768w, https:\/\/encuentroinformativo.com.mx\/wp-content\/uploads\/2025\/04\/IMG-20250408-WA0095-1536x1152.jpg 1536w, https:\/\/encuentroinformativo.com.mx\/wp-content\/uploads\/2025\/04\/IMG-20250408-WA0095.jpg 1600w\" sizes=\"auto, (max-width: 300px) 100vw, 300px\" \/><\/p>\n","protected":false},"excerpt":{"rendered":"<p>Dar\u00edo Pale Xalapa, Ver.- El director de Protecci\u00f3n Civil Municipal, Ricardo Fonseca Mart\u00ednez dio a conocer que por lo menos diez \u00e1rboles y varias ramas han ca\u00eddo en distintas zonas de Xalapa a consecuencia de los efectos del Frente Fr\u00edo n\u00famero 37. La ma\u00f1ana de este martes cay\u00f3 una rama de una jacaranda en el [&hellip;]<\/p>\n","protected":false},"author":2476,"featured_media":65616,"comment_status":"open","ping_status":"open","sticky":false,"template":"","format":"standard","meta":{"_jetpack_memberships_contains_paid_content":false,"footnotes":""},"categories":[3],"tags":[],"class_list":["post-65615","post","type-post","status-publish","format-standard","has-post-thumbnail","hentry","category-xalapa"],"jetpack_featured_media_url":"https:\/\/encuentroinformativo.com.mx\/wp-content\/uploads\/2025\/04\/IMG-20250408-WA0093.jpg","jetpack_sharing_enabled":true,"jetpack_likes_enabled":true,"amp_enabled":true,"_links":{"self":[{"href":"https:\/\/encuentroinformativo.com.mx\/index.php?rest_route=\/wp\/v2\/posts\/65615","targetHints":{"allow":["GET"]}}],"collection":[{"href":"https:\/\/encuentroinformativo.com.mx\/index.php?rest_route=\/wp\/v2\/posts"}],"about":[{"href":"https:\/\/encuentroinformativo.com.mx\/index.php?rest_route=\/wp\/v2\/types\/post"}],"author":[{"embeddable":true,"href":"https:\/\/encuentroinformativo.com.mx\/index.php?rest_route=\/wp\/v2\/users\/2476"}],"replies":[{"embeddable":true,"href":"https:\/\/encuentroinformativo.com.mx\/index.php?rest_route=%2Fwp%2Fv2%2Fcomments&post=65615"}],"version-history":[{"count":1,"href":"https:\/\/encuentroinformativo.com.mx\/index.php?rest_route=\/wp\/v2\/posts\/65615\/revisions"}],"predecessor-version":[{"id":65618,"href":"https:\/\/encuentroinformativo.com.mx\/index.php?rest_route=\/wp\/v2\/posts\/65615\/revisions\/65618"}],"wp:featuredmedia":[{"embeddable":true,"href":"https:\/\/encuentroinformativo.com.mx\/index.php?rest_route=\/wp\/v2\/media\/65616"}],"wp:attachment":[{"href":"https:\/\/encuentroinformativo.com.mx\/index.php?rest_route=%2Fwp%2Fv2%2Fmedia&parent=65615"}],"wp:term":[{"taxonomy":"category","embeddable":true,"href":"https:\/\/encuentroinformativo.com.mx\/index.php?rest_route=%2Fwp%2Fv2%2Fcategories&post=65615"},{"taxonomy":"post_tag","embeddable":true,"href":"https:\/\/encuentroinformativo.com.mx\/index.php?rest_route=%2Fwp%2Fv2%2Ftags&post=65615"}],"curies":[{"name":"wp","href":"https:\/\/api.w.org\/{rel}","templated":true}]}}