{"id":65634,"date":"2025-04-08T14:31:30","date_gmt":"2025-04-08T20:31:30","guid":{"rendered":"https:\/\/encuentroinformativo.com.mx\/?p=65634"},"modified":"2025-04-08T14:31:30","modified_gmt":"2025-04-08T20:31:30","slug":"por-presunto-despojo-vecinos-de-las-minas-protestan-con-viacrucis","status":"publish","type":"post","link":"https:\/\/encuentroinformativo.com.mx\/?p=65634","title":{"rendered":"Por presunto despojo, vecinos de Las Minas protestan con viacrucis"},"content":{"rendered":"<p><strong>Dar\u00edo Pale<\/strong><\/p>\n<p>Xalapa, Ver.- Habitantes del fraccionamiento Ecol\u00f3gico Popular &#8220;Las Minas&#8221; se manifestaron nuevamente, pues acusan que fueron despojados de sus viviendas hace un a\u00f1o y las autoridades no los han atendido.<\/p>\n<p>Y es que hay que recordar que apenas el pasado 25 de marzo protestaron, pero hasta la fecha no les han dado audiencia para exponer el caso.<\/p>\n<p>Entrevistados durante la manifestaci\u00f3n se\u00f1alaron que adquirieron un terreno con el ejidatario Timoteo Bartolomeo Mej\u00eda Jim\u00e9nez hace m\u00e1s de 25 a\u00f1os y cuentan con la posesi\u00f3n, y era justamente el hijo de este, Eloy Mej\u00eda D\u00edaz, quien recib\u00eda los pagos.<\/p>\n<p>Sin embargo, el hijo los demand\u00f3 en el 2023 con pruebas falsas, ya que asegur\u00f3 que no los conoc\u00eda.<\/p>\n<p>&#8220;\u00c9l dice que es el due\u00f1o del terreno, porque no quiere reconocer que su padre vendi\u00f3 una fracci\u00f3n de terreno antes de fallecer, desde el a\u00f1o 2000. El se\u00f1or vendi\u00f3 la fracci\u00f3n de tres hect\u00e1reas y el se\u00f1or Eloy, que es su hijo, no quiere reconocer que nos vendieron. \u00c9l dice desconocer que apenas tiene dos a\u00f1os que est\u00e1bamos invadiendo su terreno.<br \/>\nNosotros tenemos a\u00f1os aqu\u00ed&#8221;, se\u00f1al\u00f3.<\/p>\n<p>Asimismo, dijeron que se pudo demostrar ante la Fiscal\u00eda General del Estado, que se pagaron recibos y que hab\u00eda una cesi\u00f3n de derechos, no obstante el se\u00f1alado los amenaz\u00f3 con violencia y los desaloj\u00f3 del lugar.<\/p>\n<p>&#8220;El se\u00f1or Eloy, con uso de la fuerza, con herramientas como palas, ticos, machetes, y una patrulla municipal entr\u00f3 al terreno y cerr\u00f3 las casas de las compa\u00f1eras, dejando a ni\u00f1os afuera&#8221;, coment\u00f3.<\/p>\n<p>Ante ello, interpusieron una denuncia por despojo de los terrenos, pero aseguran que hay irregularidades por parte de la Fiscal\u00eda, pese a que el caso est\u00e1 judicializado.<\/p>\n<p>Finalmente dieron a conocer que, &#8220;Hoy ten\u00edamos que estar en la audiencia y nos la suspendieron otra vez, ya son cuatro veces que nos la suspenden&#8221;.<\/p>\n<p><img loading=\"lazy\" decoding=\"async\" class=\"alignnone size-medium wp-image-65636\" src=\"https:\/\/encuentroinformativo.com.mx\/wp-content\/uploads\/2025\/04\/IMG-20250408-WA0267-300x169.jpg\" alt=\"\" width=\"300\" height=\"169\" srcset=\"https:\/\/encuentroinformativo.com.mx\/wp-content\/uploads\/2025\/04\/IMG-20250408-WA0267-300x169.jpg 300w, https:\/\/encuentroinformativo.com.mx\/wp-content\/uploads\/2025\/04\/IMG-20250408-WA0267-1024x576.jpg 1024w, https:\/\/encuentroinformativo.com.mx\/wp-content\/uploads\/2025\/04\/IMG-20250408-WA0267-768x432.jpg 768w, https:\/\/encuentroinformativo.com.mx\/wp-content\/uploads\/2025\/04\/IMG-20250408-WA0267.jpg 1280w\" sizes=\"auto, (max-width: 300px) 100vw, 300px\" \/><\/p>\n","protected":false},"excerpt":{"rendered":"<p>Dar\u00edo Pale Xalapa, Ver.- Habitantes del fraccionamiento Ecol\u00f3gico Popular &#8220;Las Minas&#8221; se manifestaron nuevamente, pues acusan que fueron despojados de sus viviendas hace un a\u00f1o y las autoridades no los han atendido. Y es que hay que recordar que apenas el pasado 25 de marzo protestaron, pero hasta la fecha no les han dado audiencia [&hellip;]<\/p>\n","protected":false},"author":2476,"featured_media":65635,"comment_status":"open","ping_status":"open","sticky":false,"template":"","format":"standard","meta":{"_jetpack_memberships_contains_paid_content":false,"footnotes":""},"categories":[3],"tags":[],"class_list":["post-65634","post","type-post","status-publish","format-standard","has-post-thumbnail","hentry","category-xalapa"],"jetpack_featured_media_url":"https:\/\/encuentroinformativo.com.mx\/wp-content\/uploads\/2025\/04\/IMG-20250408-WA0271.jpg","jetpack_sharing_enabled":true,"jetpack_likes_enabled":true,"amp_enabled":true,"_links":{"self":[{"href":"https:\/\/encuentroinformativo.com.mx\/index.php?rest_route=\/wp\/v2\/posts\/65634","targetHints":{"allow":["GET"]}}],"collection":[{"href":"https:\/\/encuentroinformativo.com.mx\/index.php?rest_route=\/wp\/v2\/posts"}],"about":[{"href":"https:\/\/encuentroinformativo.com.mx\/index.php?rest_route=\/wp\/v2\/types\/post"}],"author":[{"embeddable":true,"href":"https:\/\/encuentroinformativo.com.mx\/index.php?rest_route=\/wp\/v2\/users\/2476"}],"replies":[{"embeddable":true,"href":"https:\/\/encuentroinformativo.com.mx\/index.php?rest_route=%2Fwp%2Fv2%2Fcomments&post=65634"}],"version-history":[{"count":1,"href":"https:\/\/encuentroinformativo.com.mx\/index.php?rest_route=\/wp\/v2\/posts\/65634\/revisions"}],"predecessor-version":[{"id":65637,"href":"https:\/\/encuentroinformativo.com.mx\/index.php?rest_route=\/wp\/v2\/posts\/65634\/revisions\/65637"}],"wp:featuredmedia":[{"embeddable":true,"href":"https:\/\/encuentroinformativo.com.mx\/index.php?rest_route=\/wp\/v2\/media\/65635"}],"wp:attachment":[{"href":"https:\/\/encuentroinformativo.com.mx\/index.php?rest_route=%2Fwp%2Fv2%2Fmedia&parent=65634"}],"wp:term":[{"taxonomy":"category","embeddable":true,"href":"https:\/\/encuentroinformativo.com.mx\/index.php?rest_route=%2Fwp%2Fv2%2Fcategories&post=65634"},{"taxonomy":"post_tag","embeddable":true,"href":"https:\/\/encuentroinformativo.com.mx\/index.php?rest_route=%2Fwp%2Fv2%2Ftags&post=65634"}],"curies":[{"name":"wp","href":"https:\/\/api.w.org\/{rel}","templated":true}]}}