{"id":6565,"date":"2020-10-06T09:09:04","date_gmt":"2020-10-06T14:09:04","guid":{"rendered":"https:\/\/encuentroinformativo.com.mx\/?p=6565"},"modified":"2020-10-06T09:09:07","modified_gmt":"2020-10-06T14:09:07","slug":"un-congreso-no-tan-caron","status":"publish","type":"post","link":"https:\/\/encuentroinformativo.com.mx\/?p=6565","title":{"rendered":"Un Congreso no tan Car\u00f3n"},"content":{"rendered":"\n<p><strong>Los Pol\u00edticos<\/strong><\/p>\n\n\n\n<p><strong>Salvador Mu\u00f1oz<\/strong><br><\/p>\n\n\n\n<p>Desde hace una semana, el Congreso de Veracruz es sujeto de un arqueo por parte de la Auditor\u00eda Superior de la Federaci\u00f3n\u2026 a fuerza de ser sinceros, es la segunda vez que la ASF revisa las cuentas del Palacio de Encanto en dos a\u00f1os.<\/p>\n\n\n\n<p>La solicitud de esta revisi\u00f3n no obedece a alguna petici\u00f3n de la fracci\u00f3n legislativa del PAN o de cualquier otra bancada, sino hecha por el presidente de la Junta de Coordinaci\u00f3n Pol\u00edtica, Juan Javier G\u00f3mez Cazar\u00edn\u2026 las cuentas claras y el chocolate espeso.<\/p>\n\n\n\n<p>A lo mejor en el sector p\u00fablico, sorprenda que uno mismo se haga \u201cHarakiri\u201d pidiendo que la ASF les revise sus cuentas, pero cuando se ha trabajado en lo privado, una auditor\u00eda es de lo m\u00e1s natural, y aqu\u00ed se se trata de una tesis com\u00fan: quien nada debe, nada teme, comenta El Car\u00f3n, en pl\u00e1tica previa al encuentro de Am\u00e9rica contra Pumas\u2026<\/p>\n\n\n\n<p>El Car\u00f3n nos dice que se trata de transparentar el uso y manejo de los recursos del Palacio de Encanto y en caso de que haya alguna observaci\u00f3n, actuar de inmediato sobre \u00e9sta.<\/p>\n\n\n\n<p>Por cierto, hablando del presupuesto ejercido y el por ejercer en el 2021, G\u00f3mez Cazar\u00edn sorprende con el proyecto a proponer para el siguiente a\u00f1o: Pedir\u00e1n 726 millones para ejercer en lo que ser\u00e1 el cierre de la LXV Legislatura. \u00bfY en qu\u00e9 radica la sorpresa? \u00a1Ah! Que este a\u00f1o se viene ejerciendo un presupuesto por 776 millones de pesos, entonces, lo que pretende El Car\u00f3n, valga el juego de palabras, es que el Congreso no salga tan Car\u00f3n en el 2021, al contrario, que cueste 50 millones de pesos menos.<\/p>\n\n\n\n<p>Agrega el presidente de la Jucopo que cuando llegan al Congreso, el presupuesto asignado es por 776 millones, mismo que repiti\u00f3 en el 2020.<\/p>\n\n\n\n<p>Le comento que su tentativa de presupuesto contradice la l\u00f3gica de cualquier dependencia donde por lo regular, en cada propuesta anual, se pide m\u00e1s, en aras de que sea chicle y pegue, o m\u00ednimo, recibir lo mismo, pero ac\u00e1, \u00a1son 50 millones de pesos menos!<\/p>\n\n\n\n<p>\u00a1Ahorro! Es lo que me responde el Car\u00f3n\u2026 ahorro que va desde acabar con esa pr\u00e1ctica de comprar a los jefes de bancada un auto para sus actividades legislativas, que en buen cristiano, y haciendo un chequeo a pasadas legislaturas, ped\u00edan unidades vehiculares cercanas al mill\u00f3n, entonces, por citar un ejemplo, en este momento que hay siete bancadas, si se mantuvieran las mismas pr\u00e1cticas anteriores, se habr\u00edan gastado casi siete millones de pesos\u2026 \u201cahora, con el sueldo que gana cada diputado, le da f\u00e1cilmente para comprarse el carro que quiera\u201d sin necesidad de sangrar al Congreso.<\/p>\n\n\n\n<p>Otro ahorro fue el retiro del pago por servicio de celular a los diputados\u2026 en este momento, cada quien se hace responsable por este servicio que es totalmente particular.<\/p>\n\n\n\n<p>El siguiente proyecto de ahorro est\u00e1 en instalar en cada curul de los diputados, una tablet para que desde all\u00ed, chequen la orden del d\u00eda y dem\u00e1s asuntos que se trabajan en la sesi\u00f3n, as\u00ed como la distribuci\u00f3n digitalizada de los asuntos requeridos para evitar gastos en papeler\u00eda, que implica desde la misma m\u00e1quina fotocopiadora, papel, toner, electricidad y hasta por mantenimiento.<\/p>\n\n\n\n<p>Le comento al Car\u00f3n que si tiene en cuenta que si contra toda l\u00f3gica, pide 50 millones de pesos menos para el siguiente a\u00f1o, para el presupuesto del Congreso, pondr\u00e1 una vara muy alta para la Legislatura LXVI, sea la mayor\u00eda que sea, incluso si fuera de Morena, y me responde que se trata de ahorrar de la manera m\u00e1s simple: haciendo un lado las pr\u00e1cticas innecesarias, ajenas al quehacer legislativo, como las ya anteriormente citadas o como las millonadas empleadas en ba\u00f1os o los gastos exorbitantes \u00a1hasta por galletas! As\u00ed que ya saben: va por 50 millones de presupuesto menos el Congreso de Veracruz\u2026<\/p>\n\n\n\n<p><strong>Cecytev: Entre lo ilegal y absurdo<\/strong><\/p>\n\n\n\n<p>Empleada del Colegio de Estudios Cient\u00edficos y Tecnol\u00f3gicos del Estado (Cecytev), el pasado primero de septiembre, fue diagnosticada con Covid-19. Fue un mes complicado, como el que muchos saben, cuando de un modo u otro han tenido a un amigo o familiar v\u00edctima de este virus\u2026&nbsp;<\/p>\n\n\n\n<p>Tras los ex\u00e1menes de rigor, por fin fue dada de alta. Este lunes, volvi\u00f3 a su jornada laboral y contrario a lo que uno se imagina, al regresar de un evento como el vivido por el Coronavirus, fue recibida con la petici\u00f3n de renuncia. A todas luces, todo un hecho de injusticia, pero demuestra de lo que est\u00e1 hecho el director Javier Baizabal Cordero, y cimenta la idea que se empieza a generar en la sociedad en torno a la Cuarta Transformaci\u00f3n: insensibles, ineptos, indiferentes, incapaces.<\/p>\n\n\n\n<p><a href=\"mailto:smcainito@gmail.com\" target=\"_blank\" rel=\"noreferrer noopener\">smcainito@gmail.com<\/a><\/p>\n","protected":false},"excerpt":{"rendered":"<p>Los Pol\u00edticos Salvador Mu\u00f1oz Desde hace una semana, el Congreso de Veracruz es sujeto de un arqueo por parte de la Auditor\u00eda Superior de la Federaci\u00f3n\u2026 a fuerza de ser sinceros, es la segunda vez que la ASF revisa las cuentas del Palacio de Encanto en dos a\u00f1os. La solicitud de esta revisi\u00f3n no obedece [&hellip;]<\/p>\n","protected":false},"author":1,"featured_media":387,"comment_status":"open","ping_status":"open","sticky":false,"template":"","format":"standard","meta":{"_jetpack_memberships_contains_paid_content":false,"footnotes":""},"categories":[11],"tags":[],"class_list":["post-6565","post","type-post","status-publish","format-standard","has-post-thumbnail","hentry","category-opinion"],"jetpack_featured_media_url":"https:\/\/encuentroinformativo.com.mx\/wp-content\/uploads\/2020\/03\/7CF8A22B-2764-47BE-8F7F-38FE9E5D6A2F.jpeg","jetpack_sharing_enabled":true,"jetpack_likes_enabled":true,"amp_enabled":true,"_links":{"self":[{"href":"https:\/\/encuentroinformativo.com.mx\/index.php?rest_route=\/wp\/v2\/posts\/6565","targetHints":{"allow":["GET"]}}],"collection":[{"href":"https:\/\/encuentroinformativo.com.mx\/index.php?rest_route=\/wp\/v2\/posts"}],"about":[{"href":"https:\/\/encuentroinformativo.com.mx\/index.php?rest_route=\/wp\/v2\/types\/post"}],"author":[{"embeddable":true,"href":"https:\/\/encuentroinformativo.com.mx\/index.php?rest_route=\/wp\/v2\/users\/1"}],"replies":[{"embeddable":true,"href":"https:\/\/encuentroinformativo.com.mx\/index.php?rest_route=%2Fwp%2Fv2%2Fcomments&post=6565"}],"version-history":[{"count":1,"href":"https:\/\/encuentroinformativo.com.mx\/index.php?rest_route=\/wp\/v2\/posts\/6565\/revisions"}],"predecessor-version":[{"id":6566,"href":"https:\/\/encuentroinformativo.com.mx\/index.php?rest_route=\/wp\/v2\/posts\/6565\/revisions\/6566"}],"wp:featuredmedia":[{"embeddable":true,"href":"https:\/\/encuentroinformativo.com.mx\/index.php?rest_route=\/wp\/v2\/media\/387"}],"wp:attachment":[{"href":"https:\/\/encuentroinformativo.com.mx\/index.php?rest_route=%2Fwp%2Fv2%2Fmedia&parent=6565"}],"wp:term":[{"taxonomy":"category","embeddable":true,"href":"https:\/\/encuentroinformativo.com.mx\/index.php?rest_route=%2Fwp%2Fv2%2Fcategories&post=6565"},{"taxonomy":"post_tag","embeddable":true,"href":"https:\/\/encuentroinformativo.com.mx\/index.php?rest_route=%2Fwp%2Fv2%2Ftags&post=6565"}],"curies":[{"name":"wp","href":"https:\/\/api.w.org\/{rel}","templated":true}]}}