{"id":65657,"date":"2025-04-09T11:37:17","date_gmt":"2025-04-09T17:37:17","guid":{"rendered":"https:\/\/encuentroinformativo.com.mx\/?p=65657"},"modified":"2025-04-09T11:37:17","modified_gmt":"2025-04-09T17:37:17","slug":"por-irregularidades-no-se-cobraron-cheques-de-seguro-institucional-acusan-docentes","status":"publish","type":"post","link":"https:\/\/encuentroinformativo.com.mx\/?p=65657","title":{"rendered":"Por irregularidades no se cobraron cheques de Seguro Institucional, acusan docentes"},"content":{"rendered":"<p><strong>Dar\u00edo Pale<\/strong><\/p>\n<p>Xalapa, Ver.- Debido a que lleva m\u00e1s de una d\u00e9cada que les suspendieron el pago del Seguro Institucional a docentes estatales, un grupo de maestras y maestros afectados volvi\u00f3 a manifestarse cerrando la calle de Enriquez, exigiendo al Gobierno del Estado el finiquito de este adeudo pendiente desde 2010.<\/p>\n<p>Entrevistada durante la manifestaci\u00f3n Rosario Rojas Arag\u00f3n, una de las docentes afectadas, denunci\u00f3 que durante la administraci\u00f3n de Cuitl\u00e1huac Garc\u00eda Jim\u00e9nez se emitieron algunos cheques para cubrir parte del pasivo, sin embargo, estos no pudieron cobrarse debido a irregularidades en su emisi\u00f3n.<\/p>\n<p>Se\u00f1al\u00f3 adem\u00e1s que durante el a\u00f1o pasado varios de los tr\u00e1mites relacionados con este pago fueron detenidos sin explicaci\u00f3n clara, a pesar de que en reiteradas ocasiones se les prometi\u00f3 una soluci\u00f3n.<\/p>\n<p>\u201cEn la SEV nos dec\u00edan que en diciembre continuar\u00edan con los pagos, pero no fue as\u00ed, puras mentiras. Hemos estado en reuniones con el Oficial Mayor y todo son mentiras\u201d, expres\u00f3 Rojas Arag\u00f3n.<\/p>\n<p>De acuerdo con su testimonio, el Oficial Mayor de la Secretar\u00eda de Educaci\u00f3n de Veracruz (SEV) asegur\u00f3 que exist\u00edan recursos financieros para solventar el adeudo, pero que el tema deb\u00eda tratarse con la titular de la dependencia, Claudia Tello, y con la Secretar\u00eda de Finanzas y Planeaci\u00f3n (Sefiplan). Sin embargo, al acudir con la funcionaria, la respuesta fue distinta: \u201cNos dijo que no hab\u00eda dinero\u201d.<\/p>\n<p>\u201cNos dijeron que s\u00ed ten\u00edan el dinero (\u2026) fuimos a la Sefiplan, nos dieron una fecha para reunirnos todas las instancias y al final, de \u00faltimo momento, nos cancelaron la reuni\u00f3n\u201d, agreg\u00f3.<\/p>\n<p>Los docentes afectados advierten que hay evidencia de cheques ya elaborados, pero que no han sido entregados, lo que genera sospechas sobre la disponibilidad real de los recursos.<\/p>\n<p>\u201cEse dinero corresponde al pago de todos los Seguros Institucionales; exigimos que se investigue el manejo de estos recursos y que se dejen de estar encubriendo. Basta de enga\u00f1os\u201d, sentenci\u00f3 Rojas Arag\u00f3n.<\/p>\n<p>Finalmente, advirtieron que mantendr\u00e1n su protesta con distintas acciones hasta obtener respuestas concretas y una soluci\u00f3n definitiva.<\/p>\n<p><img loading=\"lazy\" decoding=\"async\" class=\"alignnone size-medium wp-image-65659\" src=\"https:\/\/encuentroinformativo.com.mx\/wp-content\/uploads\/2025\/04\/IMG-20250409-WA0050-300x151.jpg\" alt=\"\" width=\"300\" height=\"151\" srcset=\"https:\/\/encuentroinformativo.com.mx\/wp-content\/uploads\/2025\/04\/IMG-20250409-WA0050-300x151.jpg 300w, https:\/\/encuentroinformativo.com.mx\/wp-content\/uploads\/2025\/04\/IMG-20250409-WA0050-1024x515.jpg 1024w, https:\/\/encuentroinformativo.com.mx\/wp-content\/uploads\/2025\/04\/IMG-20250409-WA0050-768x386.jpg 768w, https:\/\/encuentroinformativo.com.mx\/wp-content\/uploads\/2025\/04\/IMG-20250409-WA0050-1536x773.jpg 1536w, https:\/\/encuentroinformativo.com.mx\/wp-content\/uploads\/2025\/04\/IMG-20250409-WA0050.jpg 1600w\" sizes=\"auto, (max-width: 300px) 100vw, 300px\" \/><\/p>\n","protected":false},"excerpt":{"rendered":"<p>Dar\u00edo Pale Xalapa, Ver.- Debido a que lleva m\u00e1s de una d\u00e9cada que les suspendieron el pago del Seguro Institucional a docentes estatales, un grupo de maestras y maestros afectados volvi\u00f3 a manifestarse cerrando la calle de Enriquez, exigiendo al Gobierno del Estado el finiquito de este adeudo pendiente desde 2010. Entrevistada durante la manifestaci\u00f3n [&hellip;]<\/p>\n","protected":false},"author":2476,"featured_media":65658,"comment_status":"open","ping_status":"open","sticky":false,"template":"","format":"standard","meta":{"_jetpack_memberships_contains_paid_content":false,"footnotes":""},"categories":[3],"tags":[],"class_list":["post-65657","post","type-post","status-publish","format-standard","has-post-thumbnail","hentry","category-xalapa"],"jetpack_featured_media_url":"https:\/\/encuentroinformativo.com.mx\/wp-content\/uploads\/2025\/04\/IMG-20250409-WA0048.jpg","jetpack_sharing_enabled":true,"jetpack_likes_enabled":true,"amp_enabled":true,"_links":{"self":[{"href":"https:\/\/encuentroinformativo.com.mx\/index.php?rest_route=\/wp\/v2\/posts\/65657","targetHints":{"allow":["GET"]}}],"collection":[{"href":"https:\/\/encuentroinformativo.com.mx\/index.php?rest_route=\/wp\/v2\/posts"}],"about":[{"href":"https:\/\/encuentroinformativo.com.mx\/index.php?rest_route=\/wp\/v2\/types\/post"}],"author":[{"embeddable":true,"href":"https:\/\/encuentroinformativo.com.mx\/index.php?rest_route=\/wp\/v2\/users\/2476"}],"replies":[{"embeddable":true,"href":"https:\/\/encuentroinformativo.com.mx\/index.php?rest_route=%2Fwp%2Fv2%2Fcomments&post=65657"}],"version-history":[{"count":1,"href":"https:\/\/encuentroinformativo.com.mx\/index.php?rest_route=\/wp\/v2\/posts\/65657\/revisions"}],"predecessor-version":[{"id":65660,"href":"https:\/\/encuentroinformativo.com.mx\/index.php?rest_route=\/wp\/v2\/posts\/65657\/revisions\/65660"}],"wp:featuredmedia":[{"embeddable":true,"href":"https:\/\/encuentroinformativo.com.mx\/index.php?rest_route=\/wp\/v2\/media\/65658"}],"wp:attachment":[{"href":"https:\/\/encuentroinformativo.com.mx\/index.php?rest_route=%2Fwp%2Fv2%2Fmedia&parent=65657"}],"wp:term":[{"taxonomy":"category","embeddable":true,"href":"https:\/\/encuentroinformativo.com.mx\/index.php?rest_route=%2Fwp%2Fv2%2Fcategories&post=65657"},{"taxonomy":"post_tag","embeddable":true,"href":"https:\/\/encuentroinformativo.com.mx\/index.php?rest_route=%2Fwp%2Fv2%2Ftags&post=65657"}],"curies":[{"name":"wp","href":"https:\/\/api.w.org\/{rel}","templated":true}]}}