{"id":65674,"date":"2025-04-09T14:25:43","date_gmt":"2025-04-09T20:25:43","guid":{"rendered":"https:\/\/encuentroinformativo.com.mx\/?p=65674"},"modified":"2025-04-09T14:25:43","modified_gmt":"2025-04-09T20:25:43","slug":"participarian-mas-de-60-mil-trabajadores-en-desfile-del-primero-de-mayo","status":"publish","type":"post","link":"https:\/\/encuentroinformativo.com.mx\/?p=65674","title":{"rendered":"Participar\u00edan m\u00e1s de 60 mil trabajadores en desfile del primero de mayo"},"content":{"rendered":"<p><strong>Dar\u00edo Pale<\/strong><\/p>\n<p>Xalapa, Ver.- El secretario general de la Federaci\u00f3n Aut\u00f3noma de Obreros y Campesinos, Francisco Morales Sarmiento dio a conocer que para el desfile del primero de mayo se espera una participaci\u00f3n de m\u00e1s de 60 mil trabajadores entre sindicatos y organizaciones unidas.<\/p>\n<p>En conferencia de prensa dieron a conocer que para la nueva administraci\u00f3n a pesar de que hay apertura quedan pendientes muchas exigencias que tienen que atender, a diferencia de la pasada administraci\u00f3n de Cuitl\u00e1huac Garc\u00eda Jim\u00e9nez.<\/p>\n<p>\u201cHabr\u00e1 diferentes peticiones pero el tema econ\u00f3mico siempre duele, afecta y l\u00e1stima porque el dinero no alcanza y los compa\u00f1eros seguramente pedir\u00e1n aumento en salarios, que se detenga la cascada de aumentos en servicios como agua y luz pero tambi\u00e9n a la canasta b\u00e1sica. Es lamentable que los productos est\u00e9n muy encarecidos y que ning\u00fan aumento alcance\u201d, se\u00f1al\u00f3.<\/p>\n<p>Dijo que se tiene un estimado de participaci\u00f3n de 60 mil trabajadores y se espera una copiosa participaci\u00f3n por lo que el desfile podr\u00eda durar casi cinco horas.<\/p>\n<p>Se tiene previsto que inicie a las 9 de la ma\u00f1ana con la presencia de la gobernadora de Veracruz, Roc\u00edo Nahle Garc\u00eda. A las 8 de la ma\u00f1ana se realizar\u00e1 la salutaci\u00f3n a la gobernadora Roc\u00edo Nahle Garc\u00eda, a las 9 de la ma\u00f1ana se prev\u00e9 que baje para encabezar el desfile aunque antes a las 8 de la ma\u00f1ana se realizar\u00e1 la salutaci\u00f3n con la mandataria.<\/p>\n<p>Para el desfile se tienen contemplados 13 mil adheridos a la CROC, 10 mil de la CTM, as\u00ed como 11 mil de la Federaci\u00f3n Aut\u00f3noma de Obreros y Campesinos.<\/p>\n<p>Tambi\u00e9n participar\u00e1n grupos independientes como el Movimiento Popular Independiente (MOPI), Vendedores Independientes del estado de Veracruz (VIVE).<\/p>\n<p>Finalmente se\u00f1alaron que desfilar\u00e1n tambi\u00e9n sindicatos de trabajadores y acad\u00e9micos como el Sindicato Nacional de Trabajadores de la Educaci\u00f3n (SNTE) en sus secciones 32 y 56 y el Sindicato Estatal del Personal Acad\u00e9mico de la Universidad Veracruzana (Fesapauv), entre otros como el Sindicato del Poder Ejecutivo.<\/p>\n","protected":false},"excerpt":{"rendered":"<p>Dar\u00edo Pale Xalapa, Ver.- El secretario general de la Federaci\u00f3n Aut\u00f3noma de Obreros y Campesinos, Francisco Morales Sarmiento dio a conocer que para el desfile del primero de mayo se espera una participaci\u00f3n de m\u00e1s de 60 mil trabajadores entre sindicatos y organizaciones unidas. En conferencia de prensa dieron a conocer que para la nueva [&hellip;]<\/p>\n","protected":false},"author":2476,"featured_media":65675,"comment_status":"open","ping_status":"open","sticky":false,"template":"","format":"standard","meta":{"_jetpack_memberships_contains_paid_content":false,"footnotes":""},"categories":[2],"tags":[],"class_list":["post-65674","post","type-post","status-publish","format-standard","has-post-thumbnail","hentry","category-estado"],"jetpack_featured_media_url":"https:\/\/encuentroinformativo.com.mx\/wp-content\/uploads\/2025\/04\/IMG-20250409-WA0221.jpg","jetpack_sharing_enabled":true,"jetpack_likes_enabled":true,"amp_enabled":true,"_links":{"self":[{"href":"https:\/\/encuentroinformativo.com.mx\/index.php?rest_route=\/wp\/v2\/posts\/65674","targetHints":{"allow":["GET"]}}],"collection":[{"href":"https:\/\/encuentroinformativo.com.mx\/index.php?rest_route=\/wp\/v2\/posts"}],"about":[{"href":"https:\/\/encuentroinformativo.com.mx\/index.php?rest_route=\/wp\/v2\/types\/post"}],"author":[{"embeddable":true,"href":"https:\/\/encuentroinformativo.com.mx\/index.php?rest_route=\/wp\/v2\/users\/2476"}],"replies":[{"embeddable":true,"href":"https:\/\/encuentroinformativo.com.mx\/index.php?rest_route=%2Fwp%2Fv2%2Fcomments&post=65674"}],"version-history":[{"count":1,"href":"https:\/\/encuentroinformativo.com.mx\/index.php?rest_route=\/wp\/v2\/posts\/65674\/revisions"}],"predecessor-version":[{"id":65676,"href":"https:\/\/encuentroinformativo.com.mx\/index.php?rest_route=\/wp\/v2\/posts\/65674\/revisions\/65676"}],"wp:featuredmedia":[{"embeddable":true,"href":"https:\/\/encuentroinformativo.com.mx\/index.php?rest_route=\/wp\/v2\/media\/65675"}],"wp:attachment":[{"href":"https:\/\/encuentroinformativo.com.mx\/index.php?rest_route=%2Fwp%2Fv2%2Fmedia&parent=65674"}],"wp:term":[{"taxonomy":"category","embeddable":true,"href":"https:\/\/encuentroinformativo.com.mx\/index.php?rest_route=%2Fwp%2Fv2%2Fcategories&post=65674"},{"taxonomy":"post_tag","embeddable":true,"href":"https:\/\/encuentroinformativo.com.mx\/index.php?rest_route=%2Fwp%2Fv2%2Ftags&post=65674"}],"curies":[{"name":"wp","href":"https:\/\/api.w.org\/{rel}","templated":true}]}}