{"id":65680,"date":"2025-04-09T14:48:14","date_gmt":"2025-04-09T20:48:14","guid":{"rendered":"https:\/\/encuentroinformativo.com.mx\/?p=65680"},"modified":"2025-04-09T14:48:14","modified_gmt":"2025-04-09T20:48:14","slug":"por-falta-de-presupuesto-trabajadores-de-caev-sin-poder-jubilarse","status":"publish","type":"post","link":"https:\/\/encuentroinformativo.com.mx\/?p=65680","title":{"rendered":"Por falta de presupuesto, trabajadores de CAEV sin poder jubilarse"},"content":{"rendered":"<p style=\"padding-left: 40px;\"><strong>Dar\u00edo Pale<\/strong><\/p>\n<p>Xalapa, Ver.- M\u00e1s de 80 trabajadores de la Comisi\u00f3n de Agua del Estado de Veracruz (CAEV), no se han podido jubilar debido a que no hay techo presupuesto para ello, durante el gobierno del ex gobernador Cuitl\u00e1huac Garc\u00eda Jim\u00e9nez no le permitieron jubilarse, asi lo dio a conocer la secretaria general del Sindicato Susana Toeba Flores.<\/p>\n<p>En conferencia de prensa se\u00f1al\u00f3 que, en el gobierno de Cuitl\u00e1huac Garc\u00eda Jim\u00e9nez no se les permiti\u00f3 jubilarse a los trabajadores que ya hab\u00edan cumplido con el tiempo establecido.<\/p>\n<p>\u201cHubo situaciones en la administraci\u00f3n pasada y en las anteriores que no se pudieron resolver; hab\u00eda mucho personal que no se pod\u00eda jubilar y es un tema que nosotros como sindicato tenemos\u201d, se\u00f1al\u00f3.<\/p>\n<p>\u201cHay m\u00e1s de 80 trabajadores pendientes de jubilaci\u00f3n pero es un tema que va creciendo a\u00f1o con a\u00f1o (\u2026) no los dejaron jubilarse por falta de recursos, esa es la realidad\u201d, agreg\u00f3.<\/p>\n<p>Dijo que actualmente ya hay pl\u00e1ticas con las autoridades estatales a fin de llegar a un acuerdo que les permita jubilarse a los trabajadores.<\/p>\n<p>Finalmente se\u00f1al\u00f3 que, \u201cantes hab\u00eda un rotundo no y lo tengo que decir, ahorita hay accesibilidad y hay un programa para que se puedan ir jubilando\u201d.<\/p>\n","protected":false},"excerpt":{"rendered":"<p>Dar\u00edo Pale Xalapa, Ver.- M\u00e1s de 80 trabajadores de la Comisi\u00f3n de Agua del Estado de Veracruz (CAEV), no se han podido jubilar debido a que no hay techo presupuesto para ello, durante el gobierno del ex gobernador Cuitl\u00e1huac Garc\u00eda Jim\u00e9nez no le permitieron jubilarse, asi lo dio a conocer la secretaria general del Sindicato [&hellip;]<\/p>\n","protected":false},"author":2476,"featured_media":65681,"comment_status":"open","ping_status":"open","sticky":false,"template":"","format":"standard","meta":{"_jetpack_memberships_contains_paid_content":false,"footnotes":""},"categories":[2],"tags":[],"class_list":["post-65680","post","type-post","status-publish","format-standard","has-post-thumbnail","hentry","category-estado"],"jetpack_featured_media_url":"https:\/\/encuentroinformativo.com.mx\/wp-content\/uploads\/2025\/04\/IMG-20250409-WA0260.jpg","jetpack_sharing_enabled":true,"jetpack_likes_enabled":true,"amp_enabled":true,"_links":{"self":[{"href":"https:\/\/encuentroinformativo.com.mx\/index.php?rest_route=\/wp\/v2\/posts\/65680","targetHints":{"allow":["GET"]}}],"collection":[{"href":"https:\/\/encuentroinformativo.com.mx\/index.php?rest_route=\/wp\/v2\/posts"}],"about":[{"href":"https:\/\/encuentroinformativo.com.mx\/index.php?rest_route=\/wp\/v2\/types\/post"}],"author":[{"embeddable":true,"href":"https:\/\/encuentroinformativo.com.mx\/index.php?rest_route=\/wp\/v2\/users\/2476"}],"replies":[{"embeddable":true,"href":"https:\/\/encuentroinformativo.com.mx\/index.php?rest_route=%2Fwp%2Fv2%2Fcomments&post=65680"}],"version-history":[{"count":2,"href":"https:\/\/encuentroinformativo.com.mx\/index.php?rest_route=\/wp\/v2\/posts\/65680\/revisions"}],"predecessor-version":[{"id":65683,"href":"https:\/\/encuentroinformativo.com.mx\/index.php?rest_route=\/wp\/v2\/posts\/65680\/revisions\/65683"}],"wp:featuredmedia":[{"embeddable":true,"href":"https:\/\/encuentroinformativo.com.mx\/index.php?rest_route=\/wp\/v2\/media\/65681"}],"wp:attachment":[{"href":"https:\/\/encuentroinformativo.com.mx\/index.php?rest_route=%2Fwp%2Fv2%2Fmedia&parent=65680"}],"wp:term":[{"taxonomy":"category","embeddable":true,"href":"https:\/\/encuentroinformativo.com.mx\/index.php?rest_route=%2Fwp%2Fv2%2Fcategories&post=65680"},{"taxonomy":"post_tag","embeddable":true,"href":"https:\/\/encuentroinformativo.com.mx\/index.php?rest_route=%2Fwp%2Fv2%2Ftags&post=65680"}],"curies":[{"name":"wp","href":"https:\/\/api.w.org\/{rel}","templated":true}]}}