{"id":65698,"date":"2025-04-09T17:54:34","date_gmt":"2025-04-09T23:54:34","guid":{"rendered":"https:\/\/encuentroinformativo.com.mx\/?p=65698"},"modified":"2025-04-09T17:54:34","modified_gmt":"2025-04-09T23:54:34","slug":"informa-diputado-de-misantla-su-adhesion-al-grupo-legislativo-de-morena","status":"publish","type":"post","link":"https:\/\/encuentroinformativo.com.mx\/?p=65698","title":{"rendered":"Informa diputado de Misantla su adhesi\u00f3n al Grupo Legislativo de Morena"},"content":{"rendered":"<p><strong>* Expresa Luis Vicente Aguilar Castillo su decisi\u00f3n de alinearse directamente a los proyectos que lideran la presidenta de M\u00e9xico y la gobernadora de Veracruz.<\/strong><\/p>\n<p style=\"font-weight: 400;\">Xalapa, Ver.- El representante del Distrito VIII de Misantla, diputado Luis Vicente Aguilar Castillo, anunci\u00f3 su decisi\u00f3n de incorporarse al Grupo Legislativo de Morena en el Congreso de Veracruz y su renuncia a la bancada del Partido del Trabajo (PT).<\/p>\n<p style=\"font-weight: 400;\">En conferencia de prensa y con la participaci\u00f3n del coordinador del Grupo Legislativo de Morena, diputado Esteban Bautista Hern\u00e1ndez, el legislador Luis Vicente Aguilar expres\u00f3 que su decisi\u00f3n de sumarse a Morena es un acto de responsabilidad y convicci\u00f3n, \u201calineo mi esfuerzo legislativo de manera directa con los proyectos que hoy lideran Veracruz y M\u00e9xico\u201d.<\/p>\n<p style=\"font-weight: 400;\">Ante las y los representantes de los medios de comunicaci\u00f3n, el diputado agreg\u00f3 que los proyectos que encabezan la presidenta de M\u00e9xico, Claudia Sheinbaum Pardo, y la gobernadora de Veracruz, Roc\u00edo Nahle Garc\u00eda, demuestran con hechos, programas sociales, obras y combate frontal a la corrupci\u00f3n, que s\u00ed es posible gobernar para el pueblo.<\/p>\n<p style=\"font-weight: 400;\">Posteriormente, dirigi\u00f3 su mensaje a las y los ciudadanos de su Distrito, a quienes extern\u00f3 que su compromiso seguir\u00e1 siendo inalterable y que este cambio de bancada legislativa no modifica en absoluto la cercan\u00eda, gesti\u00f3n y defensa de los intereses de sus representados, \u201ceste movimiento busca fortalecer la capacidad de respuesta y acci\u00f3n\u201d.<\/p>\n<p style=\"font-weight: 400;\">El diputado Esteban Bautista Hern\u00e1ndez, ante la presencia del dirigente estatal del Partido Morena, Esteban Ram\u00edrez Zepeta, dio la bienvenida al legislador Luis Vicente Aguilar y lo exhort\u00f3 a trabajar bajo los principios que rigen al instituto pol\u00edtico que representa.<\/p>\n<p style=\"font-weight: 400;\">Conforme a lo establecido en el Art\u00edculo 38 del Reglamento para el Gobierno Interior del Poder Legislativo, las modificaciones en cuanto a la composici\u00f3n de un grupo legislativo, se comunicar\u00e1n al Presidente y a la Junta de Coordinaci\u00f3n Pol\u00edtica, con la firma del diputado interesado si se tratare de una dimisi\u00f3n o con la del coordinador del grupo legislativo en el caso de una exclusi\u00f3n. Para incorporarse a otro grupo, se requiere la firma de aceptaci\u00f3n del coordinador del mismo.<\/p>\n<p style=\"font-weight: 400;\">\n","protected":false},"excerpt":{"rendered":"<p>* Expresa Luis Vicente Aguilar Castillo su decisi\u00f3n de alinearse directamente a los proyectos que lideran la presidenta de M\u00e9xico y la gobernadora de Veracruz. Xalapa, Ver.- El representante del Distrito VIII de Misantla, diputado Luis Vicente Aguilar Castillo, anunci\u00f3 su decisi\u00f3n de incorporarse al Grupo Legislativo de Morena en el Congreso de Veracruz y [&hellip;]<\/p>\n","protected":false},"author":2476,"featured_media":65699,"comment_status":"open","ping_status":"open","sticky":false,"template":"","format":"standard","meta":{"_jetpack_memberships_contains_paid_content":false,"footnotes":""},"categories":[2],"tags":[],"class_list":["post-65698","post","type-post","status-publish","format-standard","has-post-thumbnail","hentry","category-estado"],"jetpack_featured_media_url":"https:\/\/encuentroinformativo.com.mx\/wp-content\/uploads\/2025\/04\/NOV09ABRIL2025PT.1.jpeg","jetpack_sharing_enabled":true,"jetpack_likes_enabled":true,"amp_enabled":true,"_links":{"self":[{"href":"https:\/\/encuentroinformativo.com.mx\/index.php?rest_route=\/wp\/v2\/posts\/65698","targetHints":{"allow":["GET"]}}],"collection":[{"href":"https:\/\/encuentroinformativo.com.mx\/index.php?rest_route=\/wp\/v2\/posts"}],"about":[{"href":"https:\/\/encuentroinformativo.com.mx\/index.php?rest_route=\/wp\/v2\/types\/post"}],"author":[{"embeddable":true,"href":"https:\/\/encuentroinformativo.com.mx\/index.php?rest_route=\/wp\/v2\/users\/2476"}],"replies":[{"embeddable":true,"href":"https:\/\/encuentroinformativo.com.mx\/index.php?rest_route=%2Fwp%2Fv2%2Fcomments&post=65698"}],"version-history":[{"count":1,"href":"https:\/\/encuentroinformativo.com.mx\/index.php?rest_route=\/wp\/v2\/posts\/65698\/revisions"}],"predecessor-version":[{"id":65700,"href":"https:\/\/encuentroinformativo.com.mx\/index.php?rest_route=\/wp\/v2\/posts\/65698\/revisions\/65700"}],"wp:featuredmedia":[{"embeddable":true,"href":"https:\/\/encuentroinformativo.com.mx\/index.php?rest_route=\/wp\/v2\/media\/65699"}],"wp:attachment":[{"href":"https:\/\/encuentroinformativo.com.mx\/index.php?rest_route=%2Fwp%2Fv2%2Fmedia&parent=65698"}],"wp:term":[{"taxonomy":"category","embeddable":true,"href":"https:\/\/encuentroinformativo.com.mx\/index.php?rest_route=%2Fwp%2Fv2%2Fcategories&post=65698"},{"taxonomy":"post_tag","embeddable":true,"href":"https:\/\/encuentroinformativo.com.mx\/index.php?rest_route=%2Fwp%2Fv2%2Ftags&post=65698"}],"curies":[{"name":"wp","href":"https:\/\/api.w.org\/{rel}","templated":true}]}}