{"id":6570,"date":"2020-10-06T10:37:54","date_gmt":"2020-10-06T15:37:54","guid":{"rendered":"https:\/\/encuentroinformativo.com.mx\/?p=6570"},"modified":"2020-10-06T10:37:57","modified_gmt":"2020-10-06T15:37:57","slug":"con-semaforo-amarillo-lanzara-boca-del-rio-campana-de-reactivacion-turistica","status":"publish","type":"post","link":"https:\/\/encuentroinformativo.com.mx\/?p=6570","title":{"rendered":"Con sem\u00e1foro amarillo, lanzar\u00e1 Boca del R\u00edo campa\u00f1a de reactivaci\u00f3n tur\u00edstica"},"content":{"rendered":"\n<p><strong>Alejandro \u00c1vila<\/strong><\/p>\n\n\n\n<p>Boca del R\u00edo, Ver.- Ser\u00e1 hasta que la autoridades de la Secretar\u00eda de Salud coloquen al municipio de Boca del R\u00edo como sem\u00e1foro amarillo, cuando de manera oficial se lance la campa\u00f1a de reactivaci\u00f3n de turismo, misma que ya tienen programada desde el Ayuntamiento para poder explotar nuevamente a la ciudad como uno de los destinos favoritos de los visitantes.<\/p>\n\n\n\n<p>El alcalde Humberto Alonso Morelli, record\u00f3 que a\u00fan hay espacios tur\u00edsticos que no est\u00e1n abiertos al cien por ciento y que los prestadores de servicios se encuentran adapt\u00e1ndose a la nueva normalidad, adem\u00e1s de mejorando protocolos para cuando se active la campa\u00f1a de promoci\u00f3n y vuelvan a llegar decenas de personas a la ciudad.<\/p>\n\n\n\n<p>\u201cEstamos esperando a cambiar a sem\u00e1foro amarillo y autom\u00e1ticamente iniciar\u00edamos una campa\u00f1a de promoci\u00f3n tur\u00edstica, har\u00edamos el anuncio de la apertura tur\u00edstica de la ciudad, y tambi\u00e9n hay una sorpresa importante, ya en breve, la se\u00f1alizaci\u00f3n de la ciudad va a ser muy innovadora, que es tambi\u00e9n un compromiso con los empresarios\u201d, apunt\u00f3.<\/p>\n\n\n\n<p>En cuanto al tema econ\u00f3mico, dijo que desde que implementaron el programa de reactivaci\u00f3n hace poco menos de un mes, han ido gradualmente subiendo los n\u00fameros y hoy se encuentra arriba del 50 por ciento, esperando que para principios de diciembre se supere el 80 por ciento.<\/p>\n\n\n\n<p>\u201cCreo que no vamos mal para las condiciones propias del COVID, hay que tomar en cuenta que esta pandemia nos ha afectado de manera global y nosotros no hemos sido la excepci\u00f3n, sin embargo creo que lo hemos enfrentado con responsabilidad y haciendo equipo, iniciativa privada, sociedad civil y gobierno\u201d, resalt\u00f3.<\/p>\n\n\n\n<p>Finalmente, el edil panista reconoci\u00f3 las dificultades que han tenido para cumplir el Plan General de Inversi\u00f3n 2020 debido a la disminuci\u00f3n de los recursos fiscales propios producto de la pandemia; a pesar de ello, asegur\u00f3 que se van a cumplir los objetivos que se planearon para este a\u00f1o.<\/p>\n","protected":false},"excerpt":{"rendered":"<p>Alejandro \u00c1vila Boca del R\u00edo, Ver.- Ser\u00e1 hasta que la autoridades de la Secretar\u00eda de Salud coloquen al municipio de Boca del R\u00edo como sem\u00e1foro amarillo, cuando de manera oficial se lance la campa\u00f1a de reactivaci\u00f3n de turismo, misma que ya tienen programada desde el Ayuntamiento para poder explotar nuevamente a la ciudad como uno [&hellip;]<\/p>\n","protected":false},"author":1,"featured_media":6571,"comment_status":"open","ping_status":"open","sticky":false,"template":"","format":"standard","meta":{"_jetpack_memberships_contains_paid_content":false,"footnotes":""},"categories":[2],"tags":[],"class_list":["post-6570","post","type-post","status-publish","format-standard","has-post-thumbnail","hentry","category-estado"],"jetpack_featured_media_url":"https:\/\/encuentroinformativo.com.mx\/wp-content\/uploads\/2020\/10\/2DE350B7-3CCF-46F0-A32E-D162FCFF9711.jpeg","jetpack_sharing_enabled":true,"jetpack_likes_enabled":true,"amp_enabled":true,"_links":{"self":[{"href":"https:\/\/encuentroinformativo.com.mx\/index.php?rest_route=\/wp\/v2\/posts\/6570","targetHints":{"allow":["GET"]}}],"collection":[{"href":"https:\/\/encuentroinformativo.com.mx\/index.php?rest_route=\/wp\/v2\/posts"}],"about":[{"href":"https:\/\/encuentroinformativo.com.mx\/index.php?rest_route=\/wp\/v2\/types\/post"}],"author":[{"embeddable":true,"href":"https:\/\/encuentroinformativo.com.mx\/index.php?rest_route=\/wp\/v2\/users\/1"}],"replies":[{"embeddable":true,"href":"https:\/\/encuentroinformativo.com.mx\/index.php?rest_route=%2Fwp%2Fv2%2Fcomments&post=6570"}],"version-history":[{"count":1,"href":"https:\/\/encuentroinformativo.com.mx\/index.php?rest_route=\/wp\/v2\/posts\/6570\/revisions"}],"predecessor-version":[{"id":6572,"href":"https:\/\/encuentroinformativo.com.mx\/index.php?rest_route=\/wp\/v2\/posts\/6570\/revisions\/6572"}],"wp:featuredmedia":[{"embeddable":true,"href":"https:\/\/encuentroinformativo.com.mx\/index.php?rest_route=\/wp\/v2\/media\/6571"}],"wp:attachment":[{"href":"https:\/\/encuentroinformativo.com.mx\/index.php?rest_route=%2Fwp%2Fv2%2Fmedia&parent=6570"}],"wp:term":[{"taxonomy":"category","embeddable":true,"href":"https:\/\/encuentroinformativo.com.mx\/index.php?rest_route=%2Fwp%2Fv2%2Fcategories&post=6570"},{"taxonomy":"post_tag","embeddable":true,"href":"https:\/\/encuentroinformativo.com.mx\/index.php?rest_route=%2Fwp%2Fv2%2Ftags&post=6570"}],"curies":[{"name":"wp","href":"https:\/\/api.w.org\/{rel}","templated":true}]}}