{"id":65715,"date":"2025-04-10T11:40:38","date_gmt":"2025-04-10T17:40:38","guid":{"rendered":"https:\/\/encuentroinformativo.com.mx\/?p=65715"},"modified":"2025-04-10T11:40:38","modified_gmt":"2025-04-10T17:40:38","slug":"aspirante-a-la-alcaldia-de-las-vigas-simulo-secuestro-fge","status":"publish","type":"post","link":"https:\/\/encuentroinformativo.com.mx\/?p=65715","title":{"rendered":"Aspirante a la alcald\u00eda de Las Vigas simul\u00f3 secuestro: FGE"},"content":{"rendered":"<p><strong>Dar\u00edo Pale<\/strong><\/p>\n<p>Xalapa, Ver.- La Fiscal\u00eda General del Estado (FGE), dio a conocer mediante un comunicado que Jos\u00e9 \u201cN\u201d, de ocupaci\u00f3n comerciante y quien es contendiente a la presidencia municipal de Las Vigas de Ram\u00edrez fue presentado ante el Fiscal Especializado en Combate al Secuestro para que rindiera declaraci\u00f3n en relaci\u00f3n a un presunto secuestro.<\/p>\n<p>En dicho comunicado se\u00f1ala lo siguiente:<\/p>\n<p>Las Vigas de Ram\u00edrez, Ver., 10 de abril de 2025.- La Fiscal\u00eda General del Estado informa que Jos\u00e9 \u201cN\u201d, comerciante de ocupaci\u00f3n y candidato a la presidencia municipal por un partido pol\u00edtico en ese municipio, fue presentado ante el Fiscal Especializado en Combate al Secuestro para que rindiera declaraci\u00f3n en relaci\u00f3n a un presunto secuestro.<\/p>\n<p>Los hechos ocurrieron el pasado 8 de abril del a\u00f1o en curso, cuando la familia de Jos\u00e9 \u201cN\u201d report\u00f3 su posible privaci\u00f3n de la libertad, indicando que la \u00faltima vez que se tuvo contacto con \u00e9l, se dirig\u00eda a la localidad de El Manzanillo, en este municipio, para realizar actividades personales.<\/p>\n<p>Posteriormente, recibieron llamadas del propio Jos\u00e9 \u201cN\u201d, quien refer\u00eda estar privado de su libertad y solicitaba reunir una suma de dinero para su presunta liberaci\u00f3n.<\/p>\n<p>Sin embargo, tras actos de investigaci\u00f3n de gabinete y campo, se obtuvo informaci\u00f3n relevante que permiti\u00f3 establecer que se trat\u00f3 de una presunta simulaci\u00f3n de secuestro.<\/p>\n<p>Respetando sus derechos humanos y el debido proceso, el Fiscal Especializado Contra el Secuestro, determinar\u00e1 su situaci\u00f3n jur\u00eddica.<\/p>\n<p>Se\u00f1ala el documento.<\/p>\n<p>Cabe recordar que el pasado 8 de abril seg\u00fan hab\u00edan informado que Jos\u00e9 \u201cN\u201d, hab\u00eda sido secuestrado ya que no lo localizaban por ninguna parte, por lo cual al parecer seg\u00fan la FGE no fue as\u00ed por lo cual fue presentado ante la Fiscal\u00eda.<\/p>\n","protected":false},"excerpt":{"rendered":"<p>Dar\u00edo Pale Xalapa, Ver.- La Fiscal\u00eda General del Estado (FGE), dio a conocer mediante un comunicado que Jos\u00e9 \u201cN\u201d, de ocupaci\u00f3n comerciante y quien es contendiente a la presidencia municipal de Las Vigas de Ram\u00edrez fue presentado ante el Fiscal Especializado en Combate al Secuestro para que rindiera declaraci\u00f3n en relaci\u00f3n a un presunto secuestro. [&hellip;]<\/p>\n","protected":false},"author":2476,"featured_media":65716,"comment_status":"open","ping_status":"open","sticky":false,"template":"","format":"standard","meta":{"_jetpack_memberships_contains_paid_content":false,"footnotes":""},"categories":[8],"tags":[],"class_list":["post-65715","post","type-post","status-publish","format-standard","has-post-thumbnail","hentry","category-region"],"jetpack_featured_media_url":"https:\/\/encuentroinformativo.com.mx\/wp-content\/uploads\/2025\/04\/Point-Blur_Apr102025_113925.jpg","jetpack_sharing_enabled":true,"jetpack_likes_enabled":true,"amp_enabled":true,"_links":{"self":[{"href":"https:\/\/encuentroinformativo.com.mx\/index.php?rest_route=\/wp\/v2\/posts\/65715","targetHints":{"allow":["GET"]}}],"collection":[{"href":"https:\/\/encuentroinformativo.com.mx\/index.php?rest_route=\/wp\/v2\/posts"}],"about":[{"href":"https:\/\/encuentroinformativo.com.mx\/index.php?rest_route=\/wp\/v2\/types\/post"}],"author":[{"embeddable":true,"href":"https:\/\/encuentroinformativo.com.mx\/index.php?rest_route=\/wp\/v2\/users\/2476"}],"replies":[{"embeddable":true,"href":"https:\/\/encuentroinformativo.com.mx\/index.php?rest_route=%2Fwp%2Fv2%2Fcomments&post=65715"}],"version-history":[{"count":1,"href":"https:\/\/encuentroinformativo.com.mx\/index.php?rest_route=\/wp\/v2\/posts\/65715\/revisions"}],"predecessor-version":[{"id":65717,"href":"https:\/\/encuentroinformativo.com.mx\/index.php?rest_route=\/wp\/v2\/posts\/65715\/revisions\/65717"}],"wp:featuredmedia":[{"embeddable":true,"href":"https:\/\/encuentroinformativo.com.mx\/index.php?rest_route=\/wp\/v2\/media\/65716"}],"wp:attachment":[{"href":"https:\/\/encuentroinformativo.com.mx\/index.php?rest_route=%2Fwp%2Fv2%2Fmedia&parent=65715"}],"wp:term":[{"taxonomy":"category","embeddable":true,"href":"https:\/\/encuentroinformativo.com.mx\/index.php?rest_route=%2Fwp%2Fv2%2Fcategories&post=65715"},{"taxonomy":"post_tag","embeddable":true,"href":"https:\/\/encuentroinformativo.com.mx\/index.php?rest_route=%2Fwp%2Fv2%2Ftags&post=65715"}],"curies":[{"name":"wp","href":"https:\/\/api.w.org\/{rel}","templated":true}]}}