{"id":65734,"date":"2025-04-10T14:43:37","date_gmt":"2025-04-10T20:43:37","guid":{"rendered":"https:\/\/encuentroinformativo.com.mx\/?p=65734"},"modified":"2025-04-10T14:43:37","modified_gmt":"2025-04-10T20:43:37","slug":"desconoce-pt-presunto-autosecuestro-de-candidato-en-las-vigas","status":"publish","type":"post","link":"https:\/\/encuentroinformativo.com.mx\/?p=65734","title":{"rendered":"Desconoce PT presunto autosecuestro de candidato en Las Vigas"},"content":{"rendered":"<p><strong>Dar\u00edo Pale<\/strong><\/p>\n<p>Xalapa, Ver.- El Coordinador de la Comisi\u00f3n Ejecutiva Estatal del Partido del Trabajo (PT), Vicente Aguilar Aguilar dijo que en relaci\u00f3n al auto secuestro del aspirante a la alcald\u00eda de Las Vigas, Jos\u00e9 Hern\u00e1ndez Cayetano \u201cno creo que lo haya hecho\u201d.<\/p>\n<p>En conferencia de prensa, confirm\u00f3 que el aspirante a la alcald\u00eda de Las Vigas, Jos\u00e9 Hern\u00e1ndez Cayetano, ya est\u00e1 en su casa luego de dos d\u00edas desaparecido, por lo que en ese sentido, dijo no creer en la versi\u00f3n del auto secuestro.<\/p>\n<p>&#8220;La verdad, desconozco, no creo que lo haya hecho, para eso est\u00e1n las autoridades que hagan las investigaciones y que nos digan exactamente que pas\u00f3&#8221;, coment\u00f3.<\/p>\n<p>Dijo que al momento no ha podido establecer comunicaci\u00f3n con el aspirante, yo tengo la versi\u00f3n de su pap\u00e1 que su hijo hab\u00eda desaparecido y que no lo encontraron, me comuniqu\u00e9 con la Subsecretar\u00eda de Gobierno, posteriormente me dicen que fue secuestrado&#8221;.<\/p>\n<p>El l\u00edder petista, aclar\u00f3 que el aspirante fue citado este jueves en Xalapa \u201cvamos a platicar con \u00e9l y que nos diga de viva voz nos diga si quiere o no continuar en el proceso electoral&#8221;.<\/p>\n<p>En otro orden de ideas en cuanto a la salida de su hijo del partido y unirse a la bancada de Morena en el Congreso del estado, dijo que no lo ve como \u201cun capricho\u201d, hace tiempo que le hab\u00eda externado que no estaba agusto en el partido, por lo que le solicit\u00f3 que siguieran juntos en la lucha por la transformaci\u00f3n.<\/p>\n<p>Finalmente coment\u00f3 que tom\u00f3 la decisi\u00f3n de salirse del partido ya que hay circunstancias que no le llamaron la atenci\u00f3n y tiene todo el derecho de hacerlo, no solo por el hecho de que sea hijo puede estar ah\u00ed, la puerta est\u00e1 abierta para todos y eso no divide al partido.<\/p>\n","protected":false},"excerpt":{"rendered":"<p>Dar\u00edo Pale Xalapa, Ver.- El Coordinador de la Comisi\u00f3n Ejecutiva Estatal del Partido del Trabajo (PT), Vicente Aguilar Aguilar dijo que en relaci\u00f3n al auto secuestro del aspirante a la alcald\u00eda de Las Vigas, Jos\u00e9 Hern\u00e1ndez Cayetano \u201cno creo que lo haya hecho\u201d. En conferencia de prensa, confirm\u00f3 que el aspirante a la alcald\u00eda de [&hellip;]<\/p>\n","protected":false},"author":2476,"featured_media":65735,"comment_status":"open","ping_status":"open","sticky":false,"template":"","format":"standard","meta":{"_jetpack_memberships_contains_paid_content":false,"footnotes":""},"categories":[8],"tags":[],"class_list":["post-65734","post","type-post","status-publish","format-standard","has-post-thumbnail","hentry","category-region"],"jetpack_featured_media_url":"https:\/\/encuentroinformativo.com.mx\/wp-content\/uploads\/2025\/04\/IMG-20250410-WA0204.jpg","jetpack_sharing_enabled":true,"jetpack_likes_enabled":true,"amp_enabled":true,"_links":{"self":[{"href":"https:\/\/encuentroinformativo.com.mx\/index.php?rest_route=\/wp\/v2\/posts\/65734","targetHints":{"allow":["GET"]}}],"collection":[{"href":"https:\/\/encuentroinformativo.com.mx\/index.php?rest_route=\/wp\/v2\/posts"}],"about":[{"href":"https:\/\/encuentroinformativo.com.mx\/index.php?rest_route=\/wp\/v2\/types\/post"}],"author":[{"embeddable":true,"href":"https:\/\/encuentroinformativo.com.mx\/index.php?rest_route=\/wp\/v2\/users\/2476"}],"replies":[{"embeddable":true,"href":"https:\/\/encuentroinformativo.com.mx\/index.php?rest_route=%2Fwp%2Fv2%2Fcomments&post=65734"}],"version-history":[{"count":1,"href":"https:\/\/encuentroinformativo.com.mx\/index.php?rest_route=\/wp\/v2\/posts\/65734\/revisions"}],"predecessor-version":[{"id":65736,"href":"https:\/\/encuentroinformativo.com.mx\/index.php?rest_route=\/wp\/v2\/posts\/65734\/revisions\/65736"}],"wp:featuredmedia":[{"embeddable":true,"href":"https:\/\/encuentroinformativo.com.mx\/index.php?rest_route=\/wp\/v2\/media\/65735"}],"wp:attachment":[{"href":"https:\/\/encuentroinformativo.com.mx\/index.php?rest_route=%2Fwp%2Fv2%2Fmedia&parent=65734"}],"wp:term":[{"taxonomy":"category","embeddable":true,"href":"https:\/\/encuentroinformativo.com.mx\/index.php?rest_route=%2Fwp%2Fv2%2Fcategories&post=65734"},{"taxonomy":"post_tag","embeddable":true,"href":"https:\/\/encuentroinformativo.com.mx\/index.php?rest_route=%2Fwp%2Fv2%2Ftags&post=65734"}],"curies":[{"name":"wp","href":"https:\/\/api.w.org\/{rel}","templated":true}]}}