{"id":65741,"date":"2025-04-10T15:07:08","date_gmt":"2025-04-10T21:07:08","guid":{"rendered":"https:\/\/encuentroinformativo.com.mx\/?p=65741"},"modified":"2025-04-10T15:07:08","modified_gmt":"2025-04-10T21:07:08","slug":"por-presunto-corto-circuito-desalojan-area-del-imss","status":"publish","type":"post","link":"https:\/\/encuentroinformativo.com.mx\/?p=65741","title":{"rendered":"Por presunto corto circuito, desalojan \u00e1rea del IMSS"},"content":{"rendered":"<p><strong>Dar\u00edo Pale<\/strong><\/p>\n<p>Xalapa, Ver.- Seg\u00fan algunas versiones debido a un corto circuito fue desalojada el \u00e1rea administrativa de la cl\u00ednica 11 del IMSS, por lo cual activaron los protocolos de emergencia en esa \u00e1rea sin que se afectara la zona de hospitalizaci\u00f3n.<\/p>\n<p>Fue aproximadamente al mediod\u00eda cuando se activaron las alarmas debido a un corto circuito, por lo que seg\u00fan algunos reportes extraoficiales de personal de vigilancia, un corto circuito comenz\u00f3 a generar chispazos visibles en un \u00e1rea espec\u00edfica del inmueble.<\/p>\n<p>Por lo que la Unidad Interna de Protecci\u00f3n Civil del hospital actu\u00f3 con rapidez, movilizando al personal de manera ordenada para evacuar la zona afectada para evitar un posible incendio o una tragedia mayor.<\/p>\n<p>Mientras el personal de seguridad acordonaron el per\u00edmetro, los t\u00e9cnicos del \u00e1rea de mantenimiento se encargaron de cortar la energ\u00eda en el circuito comprometido.<\/p>\n<p>El \u00e1rea de hospitalizaci\u00f3n no se vio afectada en su funcionamiento y despu\u00e9s de unos minutos todo el personal regres\u00f3 a laborar de forma normal sin que se registrara alg\u00fan incidente.<\/p>\n<p><img loading=\"lazy\" decoding=\"async\" class=\"alignnone size-medium wp-image-65743\" src=\"https:\/\/encuentroinformativo.com.mx\/wp-content\/uploads\/2025\/04\/IMG-20250410-WA0318-300x225.jpg\" alt=\"\" width=\"300\" height=\"225\" srcset=\"https:\/\/encuentroinformativo.com.mx\/wp-content\/uploads\/2025\/04\/IMG-20250410-WA0318-300x225.jpg 300w, https:\/\/encuentroinformativo.com.mx\/wp-content\/uploads\/2025\/04\/IMG-20250410-WA0318-1024x768.jpg 1024w, https:\/\/encuentroinformativo.com.mx\/wp-content\/uploads\/2025\/04\/IMG-20250410-WA0318-768x576.jpg 768w, https:\/\/encuentroinformativo.com.mx\/wp-content\/uploads\/2025\/04\/IMG-20250410-WA0318.jpg 1280w\" sizes=\"auto, (max-width: 300px) 100vw, 300px\" \/><\/p>\n","protected":false},"excerpt":{"rendered":"<p>Dar\u00edo Pale Xalapa, Ver.- Seg\u00fan algunas versiones debido a un corto circuito fue desalojada el \u00e1rea administrativa de la cl\u00ednica 11 del IMSS, por lo cual activaron los protocolos de emergencia en esa \u00e1rea sin que se afectara la zona de hospitalizaci\u00f3n. Fue aproximadamente al mediod\u00eda cuando se activaron las alarmas debido a un corto [&hellip;]<\/p>\n","protected":false},"author":2476,"featured_media":65742,"comment_status":"open","ping_status":"open","sticky":false,"template":"","format":"standard","meta":{"_jetpack_memberships_contains_paid_content":false,"footnotes":""},"categories":[9],"tags":[],"class_list":["post-65741","post","type-post","status-publish","format-standard","has-post-thumbnail","hentry","category-salud"],"jetpack_featured_media_url":"https:\/\/encuentroinformativo.com.mx\/wp-content\/uploads\/2025\/04\/IMG-20250410-WA0322.jpg","jetpack_sharing_enabled":true,"jetpack_likes_enabled":true,"amp_enabled":true,"_links":{"self":[{"href":"https:\/\/encuentroinformativo.com.mx\/index.php?rest_route=\/wp\/v2\/posts\/65741","targetHints":{"allow":["GET"]}}],"collection":[{"href":"https:\/\/encuentroinformativo.com.mx\/index.php?rest_route=\/wp\/v2\/posts"}],"about":[{"href":"https:\/\/encuentroinformativo.com.mx\/index.php?rest_route=\/wp\/v2\/types\/post"}],"author":[{"embeddable":true,"href":"https:\/\/encuentroinformativo.com.mx\/index.php?rest_route=\/wp\/v2\/users\/2476"}],"replies":[{"embeddable":true,"href":"https:\/\/encuentroinformativo.com.mx\/index.php?rest_route=%2Fwp%2Fv2%2Fcomments&post=65741"}],"version-history":[{"count":1,"href":"https:\/\/encuentroinformativo.com.mx\/index.php?rest_route=\/wp\/v2\/posts\/65741\/revisions"}],"predecessor-version":[{"id":65744,"href":"https:\/\/encuentroinformativo.com.mx\/index.php?rest_route=\/wp\/v2\/posts\/65741\/revisions\/65744"}],"wp:featuredmedia":[{"embeddable":true,"href":"https:\/\/encuentroinformativo.com.mx\/index.php?rest_route=\/wp\/v2\/media\/65742"}],"wp:attachment":[{"href":"https:\/\/encuentroinformativo.com.mx\/index.php?rest_route=%2Fwp%2Fv2%2Fmedia&parent=65741"}],"wp:term":[{"taxonomy":"category","embeddable":true,"href":"https:\/\/encuentroinformativo.com.mx\/index.php?rest_route=%2Fwp%2Fv2%2Fcategories&post=65741"},{"taxonomy":"post_tag","embeddable":true,"href":"https:\/\/encuentroinformativo.com.mx\/index.php?rest_route=%2Fwp%2Fv2%2Ftags&post=65741"}],"curies":[{"name":"wp","href":"https:\/\/api.w.org\/{rel}","templated":true}]}}