{"id":65749,"date":"2025-04-10T18:48:55","date_gmt":"2025-04-11T00:48:55","guid":{"rendered":"https:\/\/encuentroinformativo.com.mx\/?p=65749"},"modified":"2025-04-10T18:48:55","modified_gmt":"2025-04-11T00:48:55","slug":"buscara-zaira-del-toro-titularidad-del-ivm","status":"publish","type":"post","link":"https:\/\/encuentroinformativo.com.mx\/?p=65749","title":{"rendered":"Buscar\u00e1 Zaira del Toro titularidad del IVM"},"content":{"rendered":"<p><strong>Dar\u00edo Pale<\/strong><\/p>\n<p>Xalapa, Ver.- A trav\u00e9s de sus redes sociales, enfatizando el respeto a un proceso democr\u00e1tico y abierto por lo que oficializ\u00f3 su registro, con base en los lineamientos de la convocatoria emitida por la Secretar\u00eda de Gobierno (SEGOB), como aspirante a la Direcci\u00f3n General del Instituto Veracruzano de las Mujeres (IVM), as\u00ed lo dio a conocer la feminista Zaira del Toro Olivares, exdirectora del Instituto Municipal de las Mujeres de Xalapa (IMMX).<\/p>\n<p>Con una trayectoria de lucha constante por los derechos humanos de las mujeres y el acceso a una vida libre de violencia, reafirm\u00f3 su compromiso con las veracruzanas al se\u00f1alar que su propuesta parte de la convicci\u00f3n, la voluntad y el trabajo colectivo para generar entornos seguros e igualitarios.<\/p>\n<p>\u201cDesde hace muchos a\u00f1os, mi sue\u00f1o y mi labor ha sido trabajar por y para las mujeres. Hacerlo por las veracruzanas, hoy, es una realidad. En un ejercicio democr\u00e1tico, transparente y sororo, me inscribo para contender a la Direcci\u00f3n General del Instituto Veracruzano de las Mujeres\u201d, se lee en la publicaci\u00f3n.<\/p>\n<p>Priorizando la sororidad, ha sido impulsora de acciones con perspectiva de g\u00e9nero y empoderamiento, cerrando filas contra la discriminaci\u00f3n.<\/p>\n<p>\u201cCon compromiso, voluntad y convicci\u00f3n, el trabajo de y por las mujeres debe realizarse en un ambiente de amor y participaci\u00f3n de toda la sociedad, generando espacios seguros para todas las personas. S\u00e9 que tengo la posibilidad de convertirme en directora de un espacio en el cual T\u00da eres lo m\u00e1s importante\u201d se\u00f1al\u00f3.<\/p>\n<p>Zaira del Toro reiter\u00f3 que, de ser electa y acreditar los procesos que corresponden trabajar\u00e1 con una visi\u00f3n integral, cercana a las necesidades de todas las mujeres del estado, y con la firme convicci\u00f3n de consolidar al IVM como un organismo s\u00f3lido y real.<\/p>\n","protected":false},"excerpt":{"rendered":"<p>Dar\u00edo Pale Xalapa, Ver.- A trav\u00e9s de sus redes sociales, enfatizando el respeto a un proceso democr\u00e1tico y abierto por lo que oficializ\u00f3 su registro, con base en los lineamientos de la convocatoria emitida por la Secretar\u00eda de Gobierno (SEGOB), como aspirante a la Direcci\u00f3n General del Instituto Veracruzano de las Mujeres (IVM), as\u00ed lo [&hellip;]<\/p>\n","protected":false},"author":2476,"featured_media":65750,"comment_status":"open","ping_status":"open","sticky":false,"template":"","format":"standard","meta":{"_jetpack_memberships_contains_paid_content":false,"footnotes":""},"categories":[2],"tags":[],"class_list":["post-65749","post","type-post","status-publish","format-standard","has-post-thumbnail","hentry","category-estado"],"jetpack_featured_media_url":"https:\/\/encuentroinformativo.com.mx\/wp-content\/uploads\/2025\/04\/FB_IMG_1744332019114.jpg","jetpack_sharing_enabled":true,"jetpack_likes_enabled":true,"amp_enabled":true,"_links":{"self":[{"href":"https:\/\/encuentroinformativo.com.mx\/index.php?rest_route=\/wp\/v2\/posts\/65749","targetHints":{"allow":["GET"]}}],"collection":[{"href":"https:\/\/encuentroinformativo.com.mx\/index.php?rest_route=\/wp\/v2\/posts"}],"about":[{"href":"https:\/\/encuentroinformativo.com.mx\/index.php?rest_route=\/wp\/v2\/types\/post"}],"author":[{"embeddable":true,"href":"https:\/\/encuentroinformativo.com.mx\/index.php?rest_route=\/wp\/v2\/users\/2476"}],"replies":[{"embeddable":true,"href":"https:\/\/encuentroinformativo.com.mx\/index.php?rest_route=%2Fwp%2Fv2%2Fcomments&post=65749"}],"version-history":[{"count":1,"href":"https:\/\/encuentroinformativo.com.mx\/index.php?rest_route=\/wp\/v2\/posts\/65749\/revisions"}],"predecessor-version":[{"id":65751,"href":"https:\/\/encuentroinformativo.com.mx\/index.php?rest_route=\/wp\/v2\/posts\/65749\/revisions\/65751"}],"wp:featuredmedia":[{"embeddable":true,"href":"https:\/\/encuentroinformativo.com.mx\/index.php?rest_route=\/wp\/v2\/media\/65750"}],"wp:attachment":[{"href":"https:\/\/encuentroinformativo.com.mx\/index.php?rest_route=%2Fwp%2Fv2%2Fmedia&parent=65749"}],"wp:term":[{"taxonomy":"category","embeddable":true,"href":"https:\/\/encuentroinformativo.com.mx\/index.php?rest_route=%2Fwp%2Fv2%2Fcategories&post=65749"},{"taxonomy":"post_tag","embeddable":true,"href":"https:\/\/encuentroinformativo.com.mx\/index.php?rest_route=%2Fwp%2Fv2%2Ftags&post=65749"}],"curies":[{"name":"wp","href":"https:\/\/api.w.org\/{rel}","templated":true}]}}