{"id":65785,"date":"2025-04-11T08:47:04","date_gmt":"2025-04-11T14:47:04","guid":{"rendered":"https:\/\/encuentroinformativo.com.mx\/?p=65785"},"modified":"2025-04-11T08:47:04","modified_gmt":"2025-04-11T14:47:04","slug":"pt-barbas-a-remojar","status":"publish","type":"post","link":"https:\/\/encuentroinformativo.com.mx\/?p=65785","title":{"rendered":"PT, BARBAS A REMOJAR"},"content":{"rendered":"<div id=\"m#msg-f:1829115654939710648\" class=\"mail-message expanded\">\n<div id=\"m#msg-f:1829115654939710648-content\" class=\"mail-message-content collapsible zoom-normal   mail-images-rewrite\">\n<div class=\"clear\">\n<div dir=\"ltr\">\n<div class=\"gmail_signature\" dir=\"ltr\" data-smartmail=\"gmail_signature\">\n<div dir=\"ltr\">\n<div dir=\"ltr\">\n<p dir=\"ltr\"><strong>Los Pol\u00edticos<\/strong><\/p>\n<p dir=\"ltr\"><strong>Salvador Mu\u00f1oz<\/strong><\/p>\n<p dir=\"ltr\">Es posible que lo que son ajustes pol\u00edticos, reacomodos, hasta investigaci\u00f3n judicial, sea tambi\u00e9n una llamada de atenci\u00f3n, si se piensa bien; de ser lo contrario, estar\u00edamos hablando de que el PT est\u00e1 en la antesala de su debacle electoral\u2026<\/p>\n<p dir=\"ltr\">Al salto de curul de Vicente Aguilar Castillo, del PT a Morena, pasamos al brinco de Dulce Mar\u00eda Hern\u00e1ndez Tepole, igual, del PT a Morena; por si eso fuera poco, Amelia Mu\u00f1oz Errasquin, quien acababa de rendir protesta como diputada del PT, acab\u00f3 por brincar al Verde&#8230;<\/p>\n<p dir=\"ltr\">Con estos movimientos, en menos de dos d\u00edas se desintegr\u00f3 la bancada del PT dejando con dos legisladores a este partido en el Congreso local: Ram\u00f3n D\u00edaz \u00c1vila y Elizabeth Morales.<\/p>\n<p dir=\"ltr\">De cierto modo, es un apret\u00f3n al partido; para Vicente Aguilar Aguilar, doble apret\u00f3n\u2026 porque no s\u00f3lo lo menguan en el poder Legislativo, sino que la estocada se la dan haciendo que su hijo Chent\u00edn, lo \u201ctraicione\u201d y\u00e9ndose a Morena.<\/p>\n<p dir=\"ltr\">Bajo qu\u00e9 condici\u00f3n Chent\u00edn Aguilar podr\u00eda haber dejado el partido que todo pintaba para que su padre se lo \u201cheredara\u201d? Una muy simple: inmunidad.<\/p>\n<p dir=\"ltr\">Recuerden que antes de Diputado, fue alcalde de Alto Lucero y es posible que por ah\u00ed, lo hayan apretado\u2026<\/p>\n<p dir=\"ltr\">Otro dato m\u00e1s: el candidato del PT por Las Vigas, Jos\u00e9 Hern\u00e1ndez Cayetano, se\u00f1alado de haberse \u201cauto-secuestrado\u201d&#8230; es decir: simul\u00f3 su \u201csecuestro\u201d. \u00a1Qu\u00e9 quem\u00f3n para el PT!<\/p>\n<p dir=\"ltr\">En pocas palabras, tanto en lo judicial como en lo pol\u00edtico, el PT est\u00e1 en aprietos y a\u00fan no inician las campa\u00f1as.<\/p>\n<p dir=\"ltr\">Ahora, el mensaje es m\u00e1s que claro ya no s\u00f3lo al dirigente estatal del PT, sino a todos los candidatos que han de competir en la elecci\u00f3n para presidentes municipales: se al\u00ednean o se al\u00ednean.<\/p>\n<p dir=\"ltr\">\u00bfY Ram\u00f3n y Elizabeth?<\/p>\n<p dir=\"ltr\">\u00bfUstedes los ven ali\u00e1ndose con Movimiento Ciudadano o PRI para conformar una bancada independiente?<\/p>\n<p dir=\"ltr\">Si el PRI y MC no lo han hecho, menos lo har\u00e1n con el PT mientras que Ram\u00f3n y Eli tendr\u00e1n que tragar sapos\u2026 o atenerse a las consecuencias.<\/p>\n<p dir=\"ltr\">El ajedrez pol\u00edtico al interior de Morena y sus aliados ya se movi\u00f3\u2026 tanto, que como colof\u00f3n, Chent\u00edn Aguilar fue ubicado en una gran oficina, \u00e9sa que el PRI y MC ya hab\u00edan agarrado como Sala de Juntas\u2026 \u00a1Ojo! No es sala de prensa, porque en el Congreso se supone que \u00e9sa es la Regina Mart\u00ednez, no m\u00e1s.<\/p>\n<p dir=\"ltr\">Una vez que el PT ha sido rasurado, bien valdr\u00eda la pena que quienes tengan que hacerlo, empiecen a remojar sus barbas\u2026 porque Morena, Esteban Bautista y Roc\u00edo Nahle van por todas las canicas!<\/p>\n<div dir=\"ltr\" align=\"left\"><\/div>\n<\/div>\n<\/div>\n<\/div>\n<\/div>\n<\/div>\n<\/div>\n<div class=\"mail-message-footer spacer collapsible\"><\/div>\n<\/div>\n<div id=\"m#msg-f:1829115657743971027\" class=\"mail-message expanded\"><\/div>\n","protected":false},"excerpt":{"rendered":"<p>Los Pol\u00edticos Salvador Mu\u00f1oz Es posible que lo que son ajustes pol\u00edticos, reacomodos, hasta investigaci\u00f3n judicial, sea tambi\u00e9n una llamada de atenci\u00f3n, si se piensa bien; de ser lo contrario, estar\u00edamos hablando de que el PT est\u00e1 en la antesala de su debacle electoral\u2026 Al salto de curul de Vicente Aguilar Castillo, del PT a [&hellip;]<\/p>\n","protected":false},"author":2476,"featured_media":387,"comment_status":"open","ping_status":"open","sticky":false,"template":"","format":"standard","meta":{"_jetpack_memberships_contains_paid_content":false,"footnotes":""},"categories":[11],"tags":[],"class_list":["post-65785","post","type-post","status-publish","format-standard","has-post-thumbnail","hentry","category-opinion"],"jetpack_featured_media_url":"https:\/\/encuentroinformativo.com.mx\/wp-content\/uploads\/2020\/03\/7CF8A22B-2764-47BE-8F7F-38FE9E5D6A2F.jpeg","jetpack_sharing_enabled":true,"jetpack_likes_enabled":true,"amp_enabled":true,"_links":{"self":[{"href":"https:\/\/encuentroinformativo.com.mx\/index.php?rest_route=\/wp\/v2\/posts\/65785","targetHints":{"allow":["GET"]}}],"collection":[{"href":"https:\/\/encuentroinformativo.com.mx\/index.php?rest_route=\/wp\/v2\/posts"}],"about":[{"href":"https:\/\/encuentroinformativo.com.mx\/index.php?rest_route=\/wp\/v2\/types\/post"}],"author":[{"embeddable":true,"href":"https:\/\/encuentroinformativo.com.mx\/index.php?rest_route=\/wp\/v2\/users\/2476"}],"replies":[{"embeddable":true,"href":"https:\/\/encuentroinformativo.com.mx\/index.php?rest_route=%2Fwp%2Fv2%2Fcomments&post=65785"}],"version-history":[{"count":1,"href":"https:\/\/encuentroinformativo.com.mx\/index.php?rest_route=\/wp\/v2\/posts\/65785\/revisions"}],"predecessor-version":[{"id":65786,"href":"https:\/\/encuentroinformativo.com.mx\/index.php?rest_route=\/wp\/v2\/posts\/65785\/revisions\/65786"}],"wp:featuredmedia":[{"embeddable":true,"href":"https:\/\/encuentroinformativo.com.mx\/index.php?rest_route=\/wp\/v2\/media\/387"}],"wp:attachment":[{"href":"https:\/\/encuentroinformativo.com.mx\/index.php?rest_route=%2Fwp%2Fv2%2Fmedia&parent=65785"}],"wp:term":[{"taxonomy":"category","embeddable":true,"href":"https:\/\/encuentroinformativo.com.mx\/index.php?rest_route=%2Fwp%2Fv2%2Fcategories&post=65785"},{"taxonomy":"post_tag","embeddable":true,"href":"https:\/\/encuentroinformativo.com.mx\/index.php?rest_route=%2Fwp%2Fv2%2Ftags&post=65785"}],"curies":[{"name":"wp","href":"https:\/\/api.w.org\/{rel}","templated":true}]}}