{"id":65787,"date":"2025-04-11T11:10:36","date_gmt":"2025-04-11T17:10:36","guid":{"rendered":"https:\/\/encuentroinformativo.com.mx\/?p=65787"},"modified":"2025-04-11T11:10:36","modified_gmt":"2025-04-11T17:10:36","slug":"paro-de-brazos-caidos-de-trabajadores-de-caev-alvarado","status":"publish","type":"post","link":"https:\/\/encuentroinformativo.com.mx\/?p=65787","title":{"rendered":"Paro de brazos ca\u00eddos de trabajadores de CAEV Alvarado"},"content":{"rendered":"<p><strong>Alejandro \u00c1vila<\/strong><\/p>\n<p>Alvarado, Ver.- La ma\u00f1ana de este viernes 11 de abril trabajadores de la Comisi\u00f3n de Agua del Estado de Veracruz (CAEV) en el municipio de Alvarado protestaron con un paro de brazos ca\u00eddos debido a falta de pagos y las prestaciones de las condiciones de trabajo.<\/p>\n<p>Entre las quejas se\u00f1alan la falta de pago a familiares por defunci\u00f3n de ex trabajadores, contrataci\u00f3n de nuevo personal que est\u00e1 pendiente, entre otros.<\/p>\n<p>A la par, varias colonias de la cabecera municipal de Alvarado reportaron la falta de agua a la ma\u00f1ana de este viernes, sin embargo, se aclar\u00f3 que esto es ajeno al paro laboral, pues el pozo 6 se encuentra con un problema de energ\u00eda el\u00e9ctrica.<\/p>\n<p>Se report\u00f3 que el pozo 6 sufri\u00f3 problemas con los fusibles debido a los constantes altibajos de energ\u00eda el\u00e9ctrica en el municipio, desde la ma\u00f1ana de este viernes personal de Comisi\u00f3n Federal de Electricidad est\u00e1 trabajando en el tema y se espera que en el transcurso del d\u00eda se restablezca el servicio de agua.<\/p>\n<p>La situaci\u00f3n de la falta de agua es constante en Alvarado debido a que al municipio solo llega de manera correcta las corrientes 110 y 220, mientras que la 440 no fluye con pues dos o tres veces al d\u00eda sufren de cortes y las bombas trabajan con alto voltaje.<\/p>\n<p><img loading=\"lazy\" decoding=\"async\" class=\"alignnone size-medium wp-image-65789\" src=\"https:\/\/encuentroinformativo.com.mx\/wp-content\/uploads\/2025\/04\/IMG-20250411-WA0042-225x300.jpg\" alt=\"\" width=\"225\" height=\"300\" srcset=\"https:\/\/encuentroinformativo.com.mx\/wp-content\/uploads\/2025\/04\/IMG-20250411-WA0042-225x300.jpg 225w, https:\/\/encuentroinformativo.com.mx\/wp-content\/uploads\/2025\/04\/IMG-20250411-WA0042-769x1024.jpg 769w, https:\/\/encuentroinformativo.com.mx\/wp-content\/uploads\/2025\/04\/IMG-20250411-WA0042-768x1023.jpg 768w, https:\/\/encuentroinformativo.com.mx\/wp-content\/uploads\/2025\/04\/IMG-20250411-WA0042-1153x1536.jpg 1153w, https:\/\/encuentroinformativo.com.mx\/wp-content\/uploads\/2025\/04\/IMG-20250411-WA0042.jpg 1201w\" sizes=\"auto, (max-width: 225px) 100vw, 225px\" \/><\/p>\n","protected":false},"excerpt":{"rendered":"<p>Alejandro \u00c1vila Alvarado, Ver.- La ma\u00f1ana de este viernes 11 de abril trabajadores de la Comisi\u00f3n de Agua del Estado de Veracruz (CAEV) en el municipio de Alvarado protestaron con un paro de brazos ca\u00eddos debido a falta de pagos y las prestaciones de las condiciones de trabajo. Entre las quejas se\u00f1alan la falta de [&hellip;]<\/p>\n","protected":false},"author":2476,"featured_media":65788,"comment_status":"open","ping_status":"open","sticky":false,"template":"","format":"standard","meta":{"_jetpack_memberships_contains_paid_content":false,"footnotes":""},"categories":[2],"tags":[],"class_list":["post-65787","post","type-post","status-publish","format-standard","has-post-thumbnail","hentry","category-estado"],"jetpack_featured_media_url":"https:\/\/encuentroinformativo.com.mx\/wp-content\/uploads\/2025\/04\/IMG-20250411-WA0041.jpg","jetpack_sharing_enabled":true,"jetpack_likes_enabled":true,"amp_enabled":true,"_links":{"self":[{"href":"https:\/\/encuentroinformativo.com.mx\/index.php?rest_route=\/wp\/v2\/posts\/65787","targetHints":{"allow":["GET"]}}],"collection":[{"href":"https:\/\/encuentroinformativo.com.mx\/index.php?rest_route=\/wp\/v2\/posts"}],"about":[{"href":"https:\/\/encuentroinformativo.com.mx\/index.php?rest_route=\/wp\/v2\/types\/post"}],"author":[{"embeddable":true,"href":"https:\/\/encuentroinformativo.com.mx\/index.php?rest_route=\/wp\/v2\/users\/2476"}],"replies":[{"embeddable":true,"href":"https:\/\/encuentroinformativo.com.mx\/index.php?rest_route=%2Fwp%2Fv2%2Fcomments&post=65787"}],"version-history":[{"count":1,"href":"https:\/\/encuentroinformativo.com.mx\/index.php?rest_route=\/wp\/v2\/posts\/65787\/revisions"}],"predecessor-version":[{"id":65790,"href":"https:\/\/encuentroinformativo.com.mx\/index.php?rest_route=\/wp\/v2\/posts\/65787\/revisions\/65790"}],"wp:featuredmedia":[{"embeddable":true,"href":"https:\/\/encuentroinformativo.com.mx\/index.php?rest_route=\/wp\/v2\/media\/65788"}],"wp:attachment":[{"href":"https:\/\/encuentroinformativo.com.mx\/index.php?rest_route=%2Fwp%2Fv2%2Fmedia&parent=65787"}],"wp:term":[{"taxonomy":"category","embeddable":true,"href":"https:\/\/encuentroinformativo.com.mx\/index.php?rest_route=%2Fwp%2Fv2%2Fcategories&post=65787"},{"taxonomy":"post_tag","embeddable":true,"href":"https:\/\/encuentroinformativo.com.mx\/index.php?rest_route=%2Fwp%2Fv2%2Ftags&post=65787"}],"curies":[{"name":"wp","href":"https:\/\/api.w.org\/{rel}","templated":true}]}}