{"id":6579,"date":"2020-10-06T12:28:08","date_gmt":"2020-10-06T17:28:08","guid":{"rendered":"https:\/\/encuentroinformativo.com.mx\/?p=6579"},"modified":"2020-10-06T12:28:12","modified_gmt":"2020-10-06T17:28:12","slug":"rechazan-colectivos-desaparicion-de-fideicomisos-afectara-busqueda-senalan","status":"publish","type":"post","link":"https:\/\/encuentroinformativo.com.mx\/?p=6579","title":{"rendered":"Rechazan colectivos desaparici\u00f3n de fideicomisos, afectar\u00e1 b\u00fasqueda se\u00f1alan"},"content":{"rendered":"\n<p><strong>Dar\u00edo Pale <\/strong><\/p>\n\n\n\n<p>Xalapa, Ver.- Sara Gonzalez Rodr\u00edguez presidente del Colectivo por La Paz acompa\u00f1ada de los integrantes del colectivo de b\u00fasqueda de personas desaparecidas se manifestaron este martes en el Congreso del Estado, contra el retiro de fideicomisos federales, que entre otros rubros contempla el Fondo de Ayuda, Asistencia y Reparaci\u00f3n Integral para v\u00edctimas de violencia en el pa\u00eds.<\/p>\n\n\n\n<p>Entrevistada durante la manifestaci\u00f3n la representante de dicho colectivo explic\u00f3 que al retirar dicho fondo se demorar\u00e1 a\u00fan m\u00e1s la identificaci\u00f3n de restos humanos en todo el pa\u00eds, la mayor\u00eda hallados en fosas clandestinas.<\/p>\n\n\n\n<p>&#8220;Nos afecta en que no se llegue a realizar el (estudio de) ADN de todas las hosamentas y cad\u00e1veres que se han encontrado en fosas a nivel nacional&#8221; se\u00f1al\u00f3.\u00a0<\/p>\n\n\n\n<p>Tan solo en Veracruz, en cada fosa se han encontrado entre 5 y 200 cuerpos y el rezago de cuerpos por identificar es de miles, que por b\u00fasqueda, aseguran que reciben tres mil pesos mensuales, lo que no cubre los gastos de esas tareas, asegur\u00f3.<\/p>\n\n\n\n<p>Esta manifestaci\u00f3n es una r\u00e9plica de la que \u00a0realizan otros colectivos de b\u00fasqueda en la C\u00e1mara de Diputados.<\/p>\n\n\n\n<p>Finalmente dieron a conocer que en Xalapa aseguraron que permanecer\u00e1n durante este d\u00eda a la espera de la atenci\u00f3n de alg\u00fan diputado.<\/p>\n\n\n\n<figure class=\"wp-block-image size-large\"><img loading=\"lazy\" decoding=\"async\" width=\"576\" height=\"1024\" src=\"https:\/\/encuentroinformativo.com.mx\/wp-content\/uploads\/2020\/10\/E34F9BF3-C1FA-42FD-95D0-E51AC824C8FF-576x1024.jpeg\" alt=\"\" class=\"wp-image-6581\" srcset=\"https:\/\/encuentroinformativo.com.mx\/wp-content\/uploads\/2020\/10\/E34F9BF3-C1FA-42FD-95D0-E51AC824C8FF-576x1024.jpeg 576w, https:\/\/encuentroinformativo.com.mx\/wp-content\/uploads\/2020\/10\/E34F9BF3-C1FA-42FD-95D0-E51AC824C8FF-169x300.jpeg 169w, https:\/\/encuentroinformativo.com.mx\/wp-content\/uploads\/2020\/10\/E34F9BF3-C1FA-42FD-95D0-E51AC824C8FF.jpeg 720w\" sizes=\"auto, (max-width: 576px) 100vw, 576px\" \/><\/figure>\n","protected":false},"excerpt":{"rendered":"<p>Dar\u00edo Pale Xalapa, Ver.- Sara Gonzalez Rodr\u00edguez presidente del Colectivo por La Paz acompa\u00f1ada de los integrantes del colectivo de b\u00fasqueda de personas desaparecidas se manifestaron este martes en el Congreso del Estado, contra el retiro de fideicomisos federales, que entre otros rubros contempla el Fondo de Ayuda, Asistencia y Reparaci\u00f3n Integral para v\u00edctimas de [&hellip;]<\/p>\n","protected":false},"author":1,"featured_media":6580,"comment_status":"open","ping_status":"open","sticky":false,"template":"","format":"standard","meta":{"_jetpack_memberships_contains_paid_content":false,"footnotes":""},"categories":[3],"tags":[],"class_list":["post-6579","post","type-post","status-publish","format-standard","has-post-thumbnail","hentry","category-xalapa"],"jetpack_featured_media_url":"https:\/\/encuentroinformativo.com.mx\/wp-content\/uploads\/2020\/10\/36B1B2B7-811C-48DF-9189-F98A9B5D5464.jpeg","jetpack_sharing_enabled":true,"jetpack_likes_enabled":true,"amp_enabled":true,"_links":{"self":[{"href":"https:\/\/encuentroinformativo.com.mx\/index.php?rest_route=\/wp\/v2\/posts\/6579","targetHints":{"allow":["GET"]}}],"collection":[{"href":"https:\/\/encuentroinformativo.com.mx\/index.php?rest_route=\/wp\/v2\/posts"}],"about":[{"href":"https:\/\/encuentroinformativo.com.mx\/index.php?rest_route=\/wp\/v2\/types\/post"}],"author":[{"embeddable":true,"href":"https:\/\/encuentroinformativo.com.mx\/index.php?rest_route=\/wp\/v2\/users\/1"}],"replies":[{"embeddable":true,"href":"https:\/\/encuentroinformativo.com.mx\/index.php?rest_route=%2Fwp%2Fv2%2Fcomments&post=6579"}],"version-history":[{"count":1,"href":"https:\/\/encuentroinformativo.com.mx\/index.php?rest_route=\/wp\/v2\/posts\/6579\/revisions"}],"predecessor-version":[{"id":6582,"href":"https:\/\/encuentroinformativo.com.mx\/index.php?rest_route=\/wp\/v2\/posts\/6579\/revisions\/6582"}],"wp:featuredmedia":[{"embeddable":true,"href":"https:\/\/encuentroinformativo.com.mx\/index.php?rest_route=\/wp\/v2\/media\/6580"}],"wp:attachment":[{"href":"https:\/\/encuentroinformativo.com.mx\/index.php?rest_route=%2Fwp%2Fv2%2Fmedia&parent=6579"}],"wp:term":[{"taxonomy":"category","embeddable":true,"href":"https:\/\/encuentroinformativo.com.mx\/index.php?rest_route=%2Fwp%2Fv2%2Fcategories&post=6579"},{"taxonomy":"post_tag","embeddable":true,"href":"https:\/\/encuentroinformativo.com.mx\/index.php?rest_route=%2Fwp%2Fv2%2Ftags&post=6579"}],"curies":[{"name":"wp","href":"https:\/\/api.w.org\/{rel}","templated":true}]}}