{"id":65795,"date":"2025-04-11T11:21:25","date_gmt":"2025-04-11T17:21:25","guid":{"rendered":"https:\/\/encuentroinformativo.com.mx\/?p=65795"},"modified":"2025-04-11T11:21:25","modified_gmt":"2025-04-11T17:21:25","slug":"reclaman-plazas-definitivas-en-la-sev","status":"publish","type":"post","link":"https:\/\/encuentroinformativo.com.mx\/?p=65795","title":{"rendered":"Reclaman plazas definitivas en la SEV"},"content":{"rendered":"<p><strong>Dar\u00edo Pale<\/strong><\/p>\n<p>Xalapa, Ver.- Docentes de diferentes niveles de educaci\u00f3n tomaron las instalaciones de la Secretar\u00eda de Educaci\u00f3n de Veracruz ya que est\u00e1n solicitando plazas definitivas ya que no todas las que han entregado son temporales en su mayor\u00eda.<\/p>\n<p>Entrevistado durante la manifestaci\u00f3n el docente Jesus Antonio, dio a conocer, la manifestaci\u00f3n se debe a que est\u00e1n solicitando plazas definitivas, ya que las que han entregado hasta el mes de marzo del presente no se acerca a la cantidad que fueron entregadas en el mismo periodo en el 2024.<\/p>\n<p>\u201cLas plazas que han dado no se acercan ni por mucho al a\u00f1o pasado nos encontramos de preescolar, primaria, telesecundaria y secundaria y compa\u00f1eros de media superior que tambi\u00e9n tienen esta inconformidad\u201d, se\u00f1al\u00f3.<\/p>\n<p>La SEV asegura que se han entregado 3000 mil plazas, pero lo que no dice es que aproximadamente dos mil de est\u00e1s plazas son temporales.<\/p>\n<p>\u201cPues s\u00ed, que al final de cuentas el a\u00f1o pasado dimos se dice, bueno no se dice, los datos mencionan que en primaria se dieron 1200 plazas, en preescolar 480 y en telesecundaria 350 y este a\u00f1o en primaria me parece que no van ni en el 750, en preescolar no van ni en 280 y en telesecundaria no van ni en 250, van poquito abajo\u201d, coment\u00f3.<\/p>\n<p>Lo que quiere decir que en los meses de junio y julio las escuelas se van a quedar sin maestros frente a grupo, cuando hay suficientes docentes esperando el llamado para incorporarnos, el proceso termina el 31 de mayo, por lo que tienen incertidumbre, por qu\u00e9 pr\u00e1cticamente concluye el proceso de asignaci\u00f3n de plazas y se van a quedar esperando.<\/p>\n<p>Quedamos en un buen lugar y como es posible que no entreguen esas plazas definitivas, y digan que entregaron tres mil plazas, cuando sabemos que hay escuelas en gran parte del estado que no cuentan con docentes.<\/p>\n<p>\u201cCuando no estamos ni siquiera en un mal lugar estamos conscientes que si estuvi\u00e9ramos en un lugar muy arriba no lo hici\u00e9ramos, pero como estamos conscientes de que le echamos ganas lo dimos todo y quedamos en un buen lugar\u201d, acus\u00f3.<\/p>\n<p>Finalmente se\u00f1al\u00f3 que, hay muchas notas donde se\u00f1alan que hacen falta maestros en diferentes partes del estado y hacen falta docentes en los diferentes niveles, por lo cual estan solicitando las plazas definitivas.<\/p>\n<p><img loading=\"lazy\" decoding=\"async\" class=\"alignnone size-medium wp-image-65797\" src=\"https:\/\/encuentroinformativo.com.mx\/wp-content\/uploads\/2025\/04\/IMG-20250411-WA0067-300x132.jpg\" alt=\"\" width=\"300\" height=\"132\" srcset=\"https:\/\/encuentroinformativo.com.mx\/wp-content\/uploads\/2025\/04\/IMG-20250411-WA0067-300x132.jpg 300w, https:\/\/encuentroinformativo.com.mx\/wp-content\/uploads\/2025\/04\/IMG-20250411-WA0067-1024x449.jpg 1024w, https:\/\/encuentroinformativo.com.mx\/wp-content\/uploads\/2025\/04\/IMG-20250411-WA0067-768x337.jpg 768w, https:\/\/encuentroinformativo.com.mx\/wp-content\/uploads\/2025\/04\/IMG-20250411-WA0067-1536x674.jpg 1536w, https:\/\/encuentroinformativo.com.mx\/wp-content\/uploads\/2025\/04\/IMG-20250411-WA0067.jpg 1600w\" sizes=\"auto, (max-width: 300px) 100vw, 300px\" \/><\/p>\n","protected":false},"excerpt":{"rendered":"<p>Dar\u00edo Pale Xalapa, Ver.- Docentes de diferentes niveles de educaci\u00f3n tomaron las instalaciones de la Secretar\u00eda de Educaci\u00f3n de Veracruz ya que est\u00e1n solicitando plazas definitivas ya que no todas las que han entregado son temporales en su mayor\u00eda. Entrevistado durante la manifestaci\u00f3n el docente Jesus Antonio, dio a conocer, la manifestaci\u00f3n se debe a [&hellip;]<\/p>\n","protected":false},"author":2476,"featured_media":65796,"comment_status":"open","ping_status":"open","sticky":false,"template":"","format":"standard","meta":{"_jetpack_memberships_contains_paid_content":false,"footnotes":""},"categories":[3],"tags":[],"class_list":["post-65795","post","type-post","status-publish","format-standard","has-post-thumbnail","hentry","category-xalapa"],"jetpack_featured_media_url":"https:\/\/encuentroinformativo.com.mx\/wp-content\/uploads\/2025\/04\/IMG-20250411-WA0065.jpg","jetpack_sharing_enabled":true,"jetpack_likes_enabled":true,"amp_enabled":true,"_links":{"self":[{"href":"https:\/\/encuentroinformativo.com.mx\/index.php?rest_route=\/wp\/v2\/posts\/65795","targetHints":{"allow":["GET"]}}],"collection":[{"href":"https:\/\/encuentroinformativo.com.mx\/index.php?rest_route=\/wp\/v2\/posts"}],"about":[{"href":"https:\/\/encuentroinformativo.com.mx\/index.php?rest_route=\/wp\/v2\/types\/post"}],"author":[{"embeddable":true,"href":"https:\/\/encuentroinformativo.com.mx\/index.php?rest_route=\/wp\/v2\/users\/2476"}],"replies":[{"embeddable":true,"href":"https:\/\/encuentroinformativo.com.mx\/index.php?rest_route=%2Fwp%2Fv2%2Fcomments&post=65795"}],"version-history":[{"count":1,"href":"https:\/\/encuentroinformativo.com.mx\/index.php?rest_route=\/wp\/v2\/posts\/65795\/revisions"}],"predecessor-version":[{"id":65798,"href":"https:\/\/encuentroinformativo.com.mx\/index.php?rest_route=\/wp\/v2\/posts\/65795\/revisions\/65798"}],"wp:featuredmedia":[{"embeddable":true,"href":"https:\/\/encuentroinformativo.com.mx\/index.php?rest_route=\/wp\/v2\/media\/65796"}],"wp:attachment":[{"href":"https:\/\/encuentroinformativo.com.mx\/index.php?rest_route=%2Fwp%2Fv2%2Fmedia&parent=65795"}],"wp:term":[{"taxonomy":"category","embeddable":true,"href":"https:\/\/encuentroinformativo.com.mx\/index.php?rest_route=%2Fwp%2Fv2%2Fcategories&post=65795"},{"taxonomy":"post_tag","embeddable":true,"href":"https:\/\/encuentroinformativo.com.mx\/index.php?rest_route=%2Fwp%2Fv2%2Ftags&post=65795"}],"curies":[{"name":"wp","href":"https:\/\/api.w.org\/{rel}","templated":true}]}}