{"id":65820,"date":"2025-04-12T10:53:52","date_gmt":"2025-04-12T16:53:52","guid":{"rendered":"https:\/\/encuentroinformativo.com.mx\/?p=65820"},"modified":"2025-04-12T10:53:52","modified_gmt":"2025-04-12T16:53:52","slug":"capacita-congreso-a-su-personal-en-materia-de-consulta-ciudadana","status":"publish","type":"post","link":"https:\/\/encuentroinformativo.com.mx\/?p=65820","title":{"rendered":"Capacita Congreso a su personal en materia de consulta ciudadana"},"content":{"rendered":"<p><strong>*Los foros de acuerdos previos e informativo de la consulta se realizar\u00e1n el 23 de abril en seis sedes de la entidad.<\/strong><\/p>\n<p style=\"font-weight: 400;\">Xalapa, Ver.- Con la finalidad de realizar un adecuado proceso de la consulta previa, libre, informada y culturalmente adecuada a los pueblos y comunidades ind\u00edgenas y afromexicanas de la entidad, respecto a la iniciativa con proyecto de decreto que reforma el Art\u00edculo 5 de la Constituci\u00f3n Pol\u00edtica del estado, presentada por la gobernadora de Veracruz, Roc\u00edo Nahle Garc\u00eda, autoridades del Poder Legislativo capacitaron al personal que participar\u00e1 en este ejercicio.<\/p>\n<p style=\"font-weight: 400;\">Esta capacitaci\u00f3n fue impartida por personal de la Secretar\u00eda General del Congreso local, cuyo titular, Domingo Bahena Corbal\u00e1, dio la bienvenida a la plantilla de personal que participar\u00e1 en estos trabajos y, posteriormente, explic\u00f3 los motivos de la consulta.<\/p>\n<p style=\"font-weight: 400;\">Se cont\u00f3 con la asistencia de la vocal de la Comisi\u00f3n Permanente de Justicia y Puntos Constitucionales, diputada Naomi Edith G\u00f3mez Santos, as\u00ed como los integrantes de la Comisi\u00f3n Permanente de Asuntos Ind\u00edgenas y de las Comunidades Afrodescendientes, diputado Urbano Bautista Mart\u00ednez y diputadas Miriam Garc\u00eda Guzm\u00e1n y Dulce Mar\u00eda Hern\u00e1ndez Tepole, presidente, secretaria y vocal, respectivamente.<\/p>\n<p style=\"font-weight: 400;\">Los foros de acuerdos previos e informativo de la consulta se realizar\u00e1n el 23 de abril en seis sedes, siendo \u00e9stas en los municipios de Benito Ju\u00e1rez, Tantoyuca, Papantla, Tequila, Mecayapan y Playa Vicente.<\/p>\n","protected":false},"excerpt":{"rendered":"<p>*Los foros de acuerdos previos e informativo de la consulta se realizar\u00e1n el 23 de abril en seis sedes de la entidad. Xalapa, Ver.- Con la finalidad de realizar un adecuado proceso de la consulta previa, libre, informada y culturalmente adecuada a los pueblos y comunidades ind\u00edgenas y afromexicanas de la entidad, respecto a la [&hellip;]<\/p>\n","protected":false},"author":2476,"featured_media":65822,"comment_status":"open","ping_status":"open","sticky":false,"template":"","format":"standard","meta":{"_jetpack_memberships_contains_paid_content":false,"footnotes":""},"categories":[2],"tags":[],"class_list":["post-65820","post","type-post","status-publish","format-standard","has-post-thumbnail","hentry","category-estado"],"jetpack_featured_media_url":"https:\/\/encuentroinformativo.com.mx\/wp-content\/uploads\/2025\/04\/NOV11ABRIL2025CONSULTACAPACITACION1.jpeg","jetpack_sharing_enabled":true,"jetpack_likes_enabled":true,"amp_enabled":true,"_links":{"self":[{"href":"https:\/\/encuentroinformativo.com.mx\/index.php?rest_route=\/wp\/v2\/posts\/65820","targetHints":{"allow":["GET"]}}],"collection":[{"href":"https:\/\/encuentroinformativo.com.mx\/index.php?rest_route=\/wp\/v2\/posts"}],"about":[{"href":"https:\/\/encuentroinformativo.com.mx\/index.php?rest_route=\/wp\/v2\/types\/post"}],"author":[{"embeddable":true,"href":"https:\/\/encuentroinformativo.com.mx\/index.php?rest_route=\/wp\/v2\/users\/2476"}],"replies":[{"embeddable":true,"href":"https:\/\/encuentroinformativo.com.mx\/index.php?rest_route=%2Fwp%2Fv2%2Fcomments&post=65820"}],"version-history":[{"count":1,"href":"https:\/\/encuentroinformativo.com.mx\/index.php?rest_route=\/wp\/v2\/posts\/65820\/revisions"}],"predecessor-version":[{"id":65823,"href":"https:\/\/encuentroinformativo.com.mx\/index.php?rest_route=\/wp\/v2\/posts\/65820\/revisions\/65823"}],"wp:featuredmedia":[{"embeddable":true,"href":"https:\/\/encuentroinformativo.com.mx\/index.php?rest_route=\/wp\/v2\/media\/65822"}],"wp:attachment":[{"href":"https:\/\/encuentroinformativo.com.mx\/index.php?rest_route=%2Fwp%2Fv2%2Fmedia&parent=65820"}],"wp:term":[{"taxonomy":"category","embeddable":true,"href":"https:\/\/encuentroinformativo.com.mx\/index.php?rest_route=%2Fwp%2Fv2%2Fcategories&post=65820"},{"taxonomy":"post_tag","embeddable":true,"href":"https:\/\/encuentroinformativo.com.mx\/index.php?rest_route=%2Fwp%2Fv2%2Ftags&post=65820"}],"curies":[{"name":"wp","href":"https:\/\/api.w.org\/{rel}","templated":true}]}}