{"id":65825,"date":"2025-04-12T13:08:38","date_gmt":"2025-04-12T19:08:38","guid":{"rendered":"https:\/\/encuentroinformativo.com.mx\/?p=65825"},"modified":"2025-04-12T13:08:38","modified_gmt":"2025-04-12T19:08:38","slug":"tras-20-anos-trabajadores-de-vectores-reclaman-basificacion","status":"publish","type":"post","link":"https:\/\/encuentroinformativo.com.mx\/?p=65825","title":{"rendered":"Tras 20 a\u00f1os, trabajadores de vectores reclaman basificaci\u00f3n"},"content":{"rendered":"<p><strong>Dar\u00edo Pale<\/strong><\/p>\n<p>Xalapa, Ver.- Trabajadores del \u00e1rea de Vectores de la Secretar\u00eda de Salud del estado se manifestaron este s\u00e1bado en la plaza Lerdo frente al palacio de gobierno para pedir la basificaci\u00f3n a personas con m\u00e1s de 20 a\u00f1os de servicio.<\/p>\n<p>Se\u00f1alaron que se trata de personal de contrato que llevan varios a\u00f1os laborando en la dependencia, por ello est\u00e1n solicitando su basificaci\u00f3n.<\/p>\n<p>&#8220;Qu\u00e9 nos den un reconocimiento por los a\u00f1os de esfuerzo y entregados a la dependencia, queremos justicia laboral, que nos reconozcan nuestros a\u00f1os, por eso pedimos nuestra base&#8221;, explicaron.<\/p>\n<p>Y es que aseguraron qu\u00e9 la Secretar\u00eda argumenta que no se han generado bases nuevas en muchos a\u00f1os, sin embargo ellos indicaron que les ha tocado ver &#8220;desfilar&#8221; a muchos empleados con bases.<\/p>\n<p>En este sentido, refirieron qu\u00e9 hubo una basificaci\u00f3n con la transici\u00f3n del IMSS Bienestar, pero el \u00e1rea de Vectores no fue tomada en cuenta, aun cuando los trabajadores llevan muchos a\u00f1os laborando.<\/p>\n<p>Ante ello, solicitaron la intervenci\u00f3n de la gobernadora Roc\u00edo Nahle, para que les puedan entregar sus bases.<\/p>\n<p>&#8220;Estamos pidi\u00e9ndole a la presidenta Claudia Sheinbaum, a la gobernadora Roc\u00edo Nahle, que por favor mire a nuestro departamento, le estamos solicitando apoyo para que nos puedan otorgar nuestras bases&#8221;, se\u00f1alaron.<\/p>\n<p>Al ser trabajadores de contrato no cuentan con prestaciones de ley ni generan antig\u00fcedad, aseguraron.<\/p>\n<p><img loading=\"lazy\" decoding=\"async\" class=\"alignnone size-medium wp-image-65828\" src=\"https:\/\/encuentroinformativo.com.mx\/wp-content\/uploads\/2025\/04\/IMG-20250412-WA0069-300x225.jpg\" alt=\"\" width=\"300\" height=\"225\" srcset=\"https:\/\/encuentroinformativo.com.mx\/wp-content\/uploads\/2025\/04\/IMG-20250412-WA0069-300x225.jpg 300w, https:\/\/encuentroinformativo.com.mx\/wp-content\/uploads\/2025\/04\/IMG-20250412-WA0069-1024x768.jpg 1024w, https:\/\/encuentroinformativo.com.mx\/wp-content\/uploads\/2025\/04\/IMG-20250412-WA0069-768x576.jpg 768w, https:\/\/encuentroinformativo.com.mx\/wp-content\/uploads\/2025\/04\/IMG-20250412-WA0069-1536x1152.jpg 1536w, https:\/\/encuentroinformativo.com.mx\/wp-content\/uploads\/2025\/04\/IMG-20250412-WA0069.jpg 1600w\" sizes=\"auto, (max-width: 300px) 100vw, 300px\" \/><\/p>\n","protected":false},"excerpt":{"rendered":"<p>Dar\u00edo Pale Xalapa, Ver.- Trabajadores del \u00e1rea de Vectores de la Secretar\u00eda de Salud del estado se manifestaron este s\u00e1bado en la plaza Lerdo frente al palacio de gobierno para pedir la basificaci\u00f3n a personas con m\u00e1s de 20 a\u00f1os de servicio. Se\u00f1alaron que se trata de personal de contrato que llevan varios a\u00f1os laborando [&hellip;]<\/p>\n","protected":false},"author":2476,"featured_media":65826,"comment_status":"open","ping_status":"open","sticky":false,"template":"","format":"standard","meta":{"_jetpack_memberships_contains_paid_content":false,"footnotes":""},"categories":[9],"tags":[],"class_list":["post-65825","post","type-post","status-publish","format-standard","has-post-thumbnail","hentry","category-salud"],"jetpack_featured_media_url":"https:\/\/encuentroinformativo.com.mx\/wp-content\/uploads\/2025\/04\/IMG-20250412-WA0087.jpg","jetpack_sharing_enabled":true,"jetpack_likes_enabled":true,"amp_enabled":true,"_links":{"self":[{"href":"https:\/\/encuentroinformativo.com.mx\/index.php?rest_route=\/wp\/v2\/posts\/65825","targetHints":{"allow":["GET"]}}],"collection":[{"href":"https:\/\/encuentroinformativo.com.mx\/index.php?rest_route=\/wp\/v2\/posts"}],"about":[{"href":"https:\/\/encuentroinformativo.com.mx\/index.php?rest_route=\/wp\/v2\/types\/post"}],"author":[{"embeddable":true,"href":"https:\/\/encuentroinformativo.com.mx\/index.php?rest_route=\/wp\/v2\/users\/2476"}],"replies":[{"embeddable":true,"href":"https:\/\/encuentroinformativo.com.mx\/index.php?rest_route=%2Fwp%2Fv2%2Fcomments&post=65825"}],"version-history":[{"count":2,"href":"https:\/\/encuentroinformativo.com.mx\/index.php?rest_route=\/wp\/v2\/posts\/65825\/revisions"}],"predecessor-version":[{"id":65829,"href":"https:\/\/encuentroinformativo.com.mx\/index.php?rest_route=\/wp\/v2\/posts\/65825\/revisions\/65829"}],"wp:featuredmedia":[{"embeddable":true,"href":"https:\/\/encuentroinformativo.com.mx\/index.php?rest_route=\/wp\/v2\/media\/65826"}],"wp:attachment":[{"href":"https:\/\/encuentroinformativo.com.mx\/index.php?rest_route=%2Fwp%2Fv2%2Fmedia&parent=65825"}],"wp:term":[{"taxonomy":"category","embeddable":true,"href":"https:\/\/encuentroinformativo.com.mx\/index.php?rest_route=%2Fwp%2Fv2%2Fcategories&post=65825"},{"taxonomy":"post_tag","embeddable":true,"href":"https:\/\/encuentroinformativo.com.mx\/index.php?rest_route=%2Fwp%2Fv2%2Ftags&post=65825"}],"curies":[{"name":"wp","href":"https:\/\/api.w.org\/{rel}","templated":true}]}}