{"id":65830,"date":"2025-04-12T13:15:56","date_gmt":"2025-04-12T19:15:56","guid":{"rendered":"https:\/\/encuentroinformativo.com.mx\/?p=65830"},"modified":"2025-04-12T13:15:56","modified_gmt":"2025-04-12T19:15:56","slug":"acusa-pri-que-grupos-delictivos-estan-vinculados-a-eleccion-del-poder-judicial","status":"publish","type":"post","link":"https:\/\/encuentroinformativo.com.mx\/?p=65830","title":{"rendered":"Acusa PRI que grupos delictivos est\u00e1n vinculados a elecci\u00f3n del Poder Judicial"},"content":{"rendered":"<p><strong>Dar\u00edo Pale<\/strong><\/p>\n<p>Xalapa, Ver.- Denuncia el l\u00edder nacional del Partido Revolucionario Institucional (PRI), Alejandro Moreno C\u00e1rdenas que el crimen organizado est\u00e1 involucrado en la postulaci\u00f3n de jueces y magistrados, en la elecci\u00f3n extraordinaria para renovar al Poder Judicial de este 1 de junio, est\u00e1 viciada de origen.<\/p>\n<p>En conferencia de prensa previo a la toma de protesta a los 212 aspirantes a alcaldes, alert\u00f3 que el crimen organizado estar\u00eda interesado en la postulaci\u00f3n de candidatos, precis\u00f3 que lo mejor que podr\u00eda pasarle al pa\u00eds es que se cancele la elecci\u00f3n extraordinaria del 1 de junio por la que se votar\u00e1 por primera ocasi\u00f3n para elegir a ministras y ministros, magistradas y magistrados, as\u00ed como juezas y jueces de distrito.<\/p>\n<p>\u201cLo que deber\u00eda hacer es suspender esa elecci\u00f3n, porque en esa elecci\u00f3n judicial lo \u00fanico que est\u00e1 ocurriendo es que va a haber una gran participaci\u00f3n del crimen organizado, porque en distintas regiones van a presionar para poder que haya jueces, que haya magistrados, que est\u00e9n a modo del crimen organizado, y eso no se puede permitir, es evidente la participaci\u00f3n que ha tenido el crimen organizado\u201d, se\u00f1al\u00f3.<\/p>\n<p>Mencion\u00f3 que los medios de comunicaci\u00f3n han exhibido las ligas de candidatos con el crimen organizado, hecho que calific\u00f3 como \u201cvaliente\u201d.<\/p>\n<p>\u201cUstedes los medios de comunicaci\u00f3n de manera valiente han dado a conocer informaci\u00f3n en investigaciones de personajes que est\u00e1n participando en el proceso de la elecci\u00f3n judicial, que va a ser una narco elecci\u00f3n judicial, porque est\u00e1n vinculados much\u00edsimos, est\u00e1n vinculados a distintos actores, a personajes de la delincuencia que se han se\u00f1alado, y eso no lo podemos permitir, y estos de Morena lo que quieren es capturar, es tener el poder judicial para consolidar una dictadura en M\u00e9xico\u201d, denunci\u00f3.<\/p>\n<p>Reiter\u00f3 que Morena gener\u00f3 una mayor\u00eda artificial, bajo presiones y actos de corrupci\u00f3n, para apoderarse del poder Ejecutivo y Legislativo y ahora quien cooptar el Poder Judicial, para usar la ley y callar a los opositores.<\/p>\n<p>\u201cPara que nadie pueda decir nada, porque en el momento que levantes la voz, te quieran sacar un orden de aprehensi\u00f3n, una carpeta de investigaci\u00f3n, y presionar como lo han hecho, para querer amedrentar, y todav\u00eda con eso, difamar, calumniar a quienes le se\u00f1alan sus errores, y a quienes somos cr\u00edticos de este gobierno\u201d, asegur\u00f3,<\/p>\n<p>Dijo que el PRI va a defender la democracia y van a demostrar que Morena solo quiere promover una dictadura, por eso, \u201clo mejor para el pa\u00eds ser\u00eda cancelar esa elecci\u00f3n judicial, que incluso, no solo ser\u00eda lo mejor para la justicia en este pa\u00eds, ser\u00eda lo mejor para mandar un mensaje a las naciones que son socios comerciales de nuestro pa\u00eds, de que aqu\u00ed se va a respetar la democracia, que se va a respetar el Estado de Derecho y la divisi\u00f3n de poderes\u201d.<\/p>\n<p>Finalmente el senador dej\u00f3 en claro que el PRI defender\u00e1 la democracia y van a demostrar que Morena solo quiere promover una dictadura, por lo que insisti\u00f3 en que lo mejor ser\u00eda cancelar la elecci\u00f3n judicial, que incluso, no solo ser\u00eda lo mejor para la justicia en este pa\u00eds, ser\u00eda lo mejor para mandar un mensaje a las naciones que son socios comerciales de que aqu\u00ed se va a respetar la democracia.<\/p>\n","protected":false},"excerpt":{"rendered":"<p>Dar\u00edo Pale Xalapa, Ver.- Denuncia el l\u00edder nacional del Partido Revolucionario Institucional (PRI), Alejandro Moreno C\u00e1rdenas que el crimen organizado est\u00e1 involucrado en la postulaci\u00f3n de jueces y magistrados, en la elecci\u00f3n extraordinaria para renovar al Poder Judicial de este 1 de junio, est\u00e1 viciada de origen. En conferencia de prensa previo a la toma [&hellip;]<\/p>\n","protected":false},"author":2476,"featured_media":65831,"comment_status":"open","ping_status":"open","sticky":false,"template":"","format":"standard","meta":{"_jetpack_memberships_contains_paid_content":false,"footnotes":""},"categories":[2],"tags":[],"class_list":["post-65830","post","type-post","status-publish","format-standard","has-post-thumbnail","hentry","category-estado"],"jetpack_featured_media_url":"https:\/\/encuentroinformativo.com.mx\/wp-content\/uploads\/2025\/04\/IMG-20250412-WA01092.jpg","jetpack_sharing_enabled":true,"jetpack_likes_enabled":true,"amp_enabled":true,"_links":{"self":[{"href":"https:\/\/encuentroinformativo.com.mx\/index.php?rest_route=\/wp\/v2\/posts\/65830","targetHints":{"allow":["GET"]}}],"collection":[{"href":"https:\/\/encuentroinformativo.com.mx\/index.php?rest_route=\/wp\/v2\/posts"}],"about":[{"href":"https:\/\/encuentroinformativo.com.mx\/index.php?rest_route=\/wp\/v2\/types\/post"}],"author":[{"embeddable":true,"href":"https:\/\/encuentroinformativo.com.mx\/index.php?rest_route=\/wp\/v2\/users\/2476"}],"replies":[{"embeddable":true,"href":"https:\/\/encuentroinformativo.com.mx\/index.php?rest_route=%2Fwp%2Fv2%2Fcomments&post=65830"}],"version-history":[{"count":1,"href":"https:\/\/encuentroinformativo.com.mx\/index.php?rest_route=\/wp\/v2\/posts\/65830\/revisions"}],"predecessor-version":[{"id":65832,"href":"https:\/\/encuentroinformativo.com.mx\/index.php?rest_route=\/wp\/v2\/posts\/65830\/revisions\/65832"}],"wp:featuredmedia":[{"embeddable":true,"href":"https:\/\/encuentroinformativo.com.mx\/index.php?rest_route=\/wp\/v2\/media\/65831"}],"wp:attachment":[{"href":"https:\/\/encuentroinformativo.com.mx\/index.php?rest_route=%2Fwp%2Fv2%2Fmedia&parent=65830"}],"wp:term":[{"taxonomy":"category","embeddable":true,"href":"https:\/\/encuentroinformativo.com.mx\/index.php?rest_route=%2Fwp%2Fv2%2Fcategories&post=65830"},{"taxonomy":"post_tag","embeddable":true,"href":"https:\/\/encuentroinformativo.com.mx\/index.php?rest_route=%2Fwp%2Fv2%2Ftags&post=65830"}],"curies":[{"name":"wp","href":"https:\/\/api.w.org\/{rel}","templated":true}]}}