{"id":65833,"date":"2025-04-12T14:46:21","date_gmt":"2025-04-12T20:46:21","guid":{"rendered":"https:\/\/encuentroinformativo.com.mx\/?p=65833"},"modified":"2025-04-12T14:46:21","modified_gmt":"2025-04-12T20:46:21","slug":"inauguran-corredor-cultural-en-parque-juarez","status":"publish","type":"post","link":"https:\/\/encuentroinformativo.com.mx\/?p=65833","title":{"rendered":"Inauguran Corredor Cultural en parque Ju\u00e1rez"},"content":{"rendered":"<p>Xalapa, Ver.- Acompa\u00f1ado de autoridades municipales y estatales, el alcalde Alberto Islas Reyes inaugur\u00f3 el Corredor Cultural &#8220;Arte al Parque&#8221;, en el marco del Primer Festival Multidisciplinario \u201cXalapa en las Artes 2025\u201d.<\/p>\n<p>Durante la ceremonia realizada en el Parque Benito Ju\u00e1rez, el Edil recorri\u00f3 los distintos stands, donde reconoci\u00f3 y destac\u00f3 el talento, la creatividad y el compromiso de las y los artistas locales que participan en esta iniciativa<\/p>\n<p>La directora de Cultura, Jessica P\u00e9rez Mart\u00ednez, inform\u00f3 que en el festival participan 20 creadores de Xalapa y Coatepec, quienes presentan una diversa oferta de obras, que incluyen pinturas, esculturas y literatura.<\/p>\n<p>\u201cLes pedimos a los artistas que vinieran preparados para compartir informaci\u00f3n sobre su trabajo, as\u00ed como los medios a trav\u00e9s de los cuales el p\u00fablico puede adquirir sus obras\u201d, destac\u00f3.<\/p>\n<p>El festival ofrecer\u00e1 un amplio programa art\u00edstico que incluir\u00e1 recitales, proyecciones cinematogr\u00e1ficas y presentaciones de ballet folcl\u00f3rico, con el objetivo de promover y celebrar el talento art\u00edstico de la regi\u00f3n.<\/p>\n<p>Las y los artistas estar\u00e1n presentes el s\u00e1bado 12 y domingo 13 de abril de 8:00 a 20:00 horas en el Parque Benito Ju\u00e1rez.<\/p>\n<p><img loading=\"lazy\" decoding=\"async\" class=\"alignnone size-medium wp-image-65835\" src=\"https:\/\/encuentroinformativo.com.mx\/wp-content\/uploads\/2025\/04\/IMG-20250412-WA0199-300x200.jpg\" alt=\"\" width=\"300\" height=\"200\" srcset=\"https:\/\/encuentroinformativo.com.mx\/wp-content\/uploads\/2025\/04\/IMG-20250412-WA0199-300x200.jpg 300w, https:\/\/encuentroinformativo.com.mx\/wp-content\/uploads\/2025\/04\/IMG-20250412-WA0199-1024x683.jpg 1024w, https:\/\/encuentroinformativo.com.mx\/wp-content\/uploads\/2025\/04\/IMG-20250412-WA0199-768x512.jpg 768w, https:\/\/encuentroinformativo.com.mx\/wp-content\/uploads\/2025\/04\/IMG-20250412-WA0199-1536x1024.jpg 1536w, https:\/\/encuentroinformativo.com.mx\/wp-content\/uploads\/2025\/04\/IMG-20250412-WA0199-2048x1365.jpg 2048w\" sizes=\"auto, (max-width: 300px) 100vw, 300px\" \/><\/p>\n","protected":false},"excerpt":{"rendered":"<p>Xalapa, Ver.- Acompa\u00f1ado de autoridades municipales y estatales, el alcalde Alberto Islas Reyes inaugur\u00f3 el Corredor Cultural &#8220;Arte al Parque&#8221;, en el marco del Primer Festival Multidisciplinario \u201cXalapa en las Artes 2025\u201d. Durante la ceremonia realizada en el Parque Benito Ju\u00e1rez, el Edil recorri\u00f3 los distintos stands, donde reconoci\u00f3 y destac\u00f3 el talento, la creatividad [&hellip;]<\/p>\n","protected":false},"author":2476,"featured_media":65834,"comment_status":"open","ping_status":"open","sticky":false,"template":"","format":"standard","meta":{"_jetpack_memberships_contains_paid_content":false,"footnotes":""},"categories":[3],"tags":[],"class_list":["post-65833","post","type-post","status-publish","format-standard","has-post-thumbnail","hentry","category-xalapa"],"jetpack_featured_media_url":"https:\/\/encuentroinformativo.com.mx\/wp-content\/uploads\/2025\/04\/IMG-20250412-WA0195-scaled.jpg","jetpack_sharing_enabled":true,"jetpack_likes_enabled":true,"amp_enabled":true,"_links":{"self":[{"href":"https:\/\/encuentroinformativo.com.mx\/index.php?rest_route=\/wp\/v2\/posts\/65833","targetHints":{"allow":["GET"]}}],"collection":[{"href":"https:\/\/encuentroinformativo.com.mx\/index.php?rest_route=\/wp\/v2\/posts"}],"about":[{"href":"https:\/\/encuentroinformativo.com.mx\/index.php?rest_route=\/wp\/v2\/types\/post"}],"author":[{"embeddable":true,"href":"https:\/\/encuentroinformativo.com.mx\/index.php?rest_route=\/wp\/v2\/users\/2476"}],"replies":[{"embeddable":true,"href":"https:\/\/encuentroinformativo.com.mx\/index.php?rest_route=%2Fwp%2Fv2%2Fcomments&post=65833"}],"version-history":[{"count":1,"href":"https:\/\/encuentroinformativo.com.mx\/index.php?rest_route=\/wp\/v2\/posts\/65833\/revisions"}],"predecessor-version":[{"id":65836,"href":"https:\/\/encuentroinformativo.com.mx\/index.php?rest_route=\/wp\/v2\/posts\/65833\/revisions\/65836"}],"wp:featuredmedia":[{"embeddable":true,"href":"https:\/\/encuentroinformativo.com.mx\/index.php?rest_route=\/wp\/v2\/media\/65834"}],"wp:attachment":[{"href":"https:\/\/encuentroinformativo.com.mx\/index.php?rest_route=%2Fwp%2Fv2%2Fmedia&parent=65833"}],"wp:term":[{"taxonomy":"category","embeddable":true,"href":"https:\/\/encuentroinformativo.com.mx\/index.php?rest_route=%2Fwp%2Fv2%2Fcategories&post=65833"},{"taxonomy":"post_tag","embeddable":true,"href":"https:\/\/encuentroinformativo.com.mx\/index.php?rest_route=%2Fwp%2Fv2%2Ftags&post=65833"}],"curies":[{"name":"wp","href":"https:\/\/api.w.org\/{rel}","templated":true}]}}